{"id":19469,"date":"2013-09-23T19:41:26","date_gmt":"2013-09-24T00:41:26","guid":{"rendered":"http:\/\/contraluzcucuta.co\/?p=19469"},"modified":"2013-09-23T19:41:26","modified_gmt":"2013-09-24T00:41:26","slug":"comunales-de-cucuta-marcharan-en-contra-de-aseo-urbano","status":"publish","type":"post","link":"https:\/\/contraluzcucuta.co\/?p=19469","title":{"rendered":"Comunales de C\u00facuta marchar\u00e1n en contra de Aseo Urbano"},"content":{"rendered":"<p><b>C\u00daCUTA.-<\/b> Los ediles, miembros de las Juntas Administradoras Locales y presidentes de las juntas de acci\u00f3n comunal propusieron una jornada de protesta para oponerse al ingreso de basuras provenientes de Bucaramanga, seg\u00fan la intenci\u00f3n de la empresa Aseo Urbano.<\/p>\n<p>El plant\u00f3n y la marcha pac\u00edfica se llevar\u00e1n a cabo el 30 de septiembre, a las 8:00 de la ma\u00f1ana. El objetivo es rechazar la decisi\u00f3n unilateral de la empresa de recibir las basuras de la capital de Santander\u00a0 sin concertar con las comunidades.<\/p>\n<p>Luego de la reuni\u00f3n sostenida en Villa Silvania con el alcalde Donamaris Ram\u00edrez los voceros comunales firmaron un manifiesto comunal en el que expresan el inconformismo por la decisi\u00f3n tomada en Aseo Urbano.<\/p>\n<p>El texto del documento firmado por las organizaciones agrupadas en la Federaci\u00f3n Comunal de C\u00facuta es el siguiente:<\/p>\n<p>1.-\u00a0\u00a0\u00a0 Respaldar y apoyar las decisiones tomadas por el Alcalde de C\u00facuta, Dr. Donamaris Ram\u00edrez-Par\u00eds Lobo, en cuanto a la defensa de no permitir el ingreso de la basura que genera la ciudad de Bucaramanga y su \u00c1rea Metropolitana\u00a0 a la ciudad de C\u00facuta, as\u00ed medie\u00a0 contrato de colaboraci\u00f3n con la empresa Aseo Urbano S.A.S. E.S.P.<\/p>\n<p>2.-\u00a0\u00a0\u00a0 Alertar a los habitantes\u00a0 de C\u00facuta y el \u00e1rea metropolitana para que defiendan esta posici\u00f3n y se rodee a quien en estos momentos por mandato constitucional le corresponde el de permitir o de oponerse a esta definici\u00f3n.<\/p>\n<p>3.- Convocar a un plant\u00f3n y marcha pac\u00edfica para el 30 de Septiembre de 2013, a las 08:00 horas, frente a las oficinas de\u00a0 empresa Aseo Urbano S.A.S. E.S.P., ubicadas en la Avenida 4\u00a0 entre\u00a0 Diagonal Santander y calle 4, para rechazar la decisi\u00f3n unilateral de esta empresa de recibir las basuras de la ciudad de Bucaramanga\u00a0 sin\u00a0 haber concertado con las comunidades.<\/p>\n<p>4.-\u00a0\u00a0\u00a0 Seguir apoyando y respaldando las gestiones e inversiones que realiza\u00a0 el Alcalde de C\u00facuta, Donamaris Ram\u00edrez-Par\u00eds Lobo, en cuanto a la transformaci\u00f3n de las Instituciones educativas, recuperaci\u00f3n de las v\u00edas principales de la malla vial, Vivienda de Inter\u00e9s Prioritario y de Inter\u00e9s Social,\u00a0 le solicitamos respetuosamente la intervenci\u00f3n inmediata ante el Instituto Municipal de la Salud (Imsalud) para que se realicen prontamente las ejecuciones,\u00a0 dotaci\u00f3n y la compra de insumos a la red p\u00fablica hospitalaria de baja complejidad de la ciudad.<\/p>\n<p>&nbsp; <\/p>\n","protected":false},"excerpt":{"rendered":"<p>C\u00daCUTA.- Los ediles, miembros de las Juntas Administradoras Locales y presidentes de las juntas de acci\u00f3n comunal propusieron una jornada de protesta para oponerse al ingreso de basuras provenientes de Bucaramanga, seg\u00fan la intenci\u00f3n de la empresa Aseo Urbano. El plant\u00f3n y la marcha pac\u00edfica se llevar\u00e1n a cabo el 30 de septiembre, a las &hellip;<\/p>\n","protected":false},"author":1,"featured_media":19470,"comment_status":"open","ping_status":"open","sticky":false,"template":"","format":"standard","meta":{"footnotes":""},"categories":[541,4],"tags":[913,909],"class_list":["post-19469","post","type-post","status-publish","format-standard","has-post-thumbnail","hentry","category-ciudad","category-barra","tag-aseo-urbano","tag-basuras"],"_links":{"self":[{"href":"https:\/\/contraluzcucuta.co\/index.php?rest_route=\/wp\/v2\/posts\/19469","targetHints":{"allow":["GET"]}}],"collection":[{"href":"https:\/\/contraluzcucuta.co\/index.php?rest_route=\/wp\/v2\/posts"}],"about":[{"href":"https:\/\/contraluzcucuta.co\/index.php?rest_route=\/wp\/v2\/types\/post"}],"author":[{"embeddable":true,"href":"https:\/\/contraluzcucuta.co\/index.php?rest_route=\/wp\/v2\/users\/1"}],"replies":[{"embeddable":true,"href":"https:\/\/contraluzcucuta.co\/index.php?rest_route=%2Fwp%2Fv2%2Fcomments&post=19469"}],"version-history":[{"count":1,"href":"https:\/\/contraluzcucuta.co\/index.php?rest_route=\/wp\/v2\/posts\/19469\/revisions"}],"predecessor-version":[{"id":19471,"href":"https:\/\/contraluzcucuta.co\/index.php?rest_route=\/wp\/v2\/posts\/19469\/revisions\/19471"}],"wp:featuredmedia":[{"embeddable":true,"href":"https:\/\/contraluzcucuta.co\/index.php?rest_route=\/wp\/v2\/media\/19470"}],"wp:attachment":[{"href":"https:\/\/contraluzcucuta.co\/index.php?rest_route=%2Fwp%2Fv2%2Fmedia&parent=19469"}],"wp:term":[{"taxonomy":"category","embeddable":true,"href":"https:\/\/contraluzcucuta.co\/index.php?rest_route=%2Fwp%2Fv2%2Fcategories&post=19469"},{"taxonomy":"post_tag","embeddable":true,"href":"https:\/\/contraluzcucuta.co\/index.php?rest_route=%2Fwp%2Fv2%2Ftags&post=19469"}],"curies":[{"name":"wp","href":"https:\/\/api.w.org\/{rel}","templated":true}]}}