{"id":19447,"date":"2013-09-19T20:36:37","date_gmt":"2013-09-20T01:36:37","guid":{"rendered":"http:\/\/contraluzcucuta.co\/?p=19447"},"modified":"2013-09-19T20:36:37","modified_gmt":"2013-09-20T01:36:37","slug":"acord-rechazo-agresion-verbal-de-pimentel","status":"publish","type":"post","link":"https:\/\/contraluzcucuta.co\/?p=19447","title":{"rendered":"Acord rechaz\u00f3 \u2018agresi\u00f3n verbal\u2019 de Pimentel"},"content":{"rendered":"<p><b>BOGOT\u00c1.-<\/b> La Asociaci\u00f3n Colombiana de Periodistas Deportivos (Acord) rechaz\u00f3 \u201clos t\u00e9rminos agresivos y amenazantes\u201d con los que el directivo Eduardo Pimentel, accionista del Boyac\u00e1 Chic\u00f3, se refiri\u00f3 a algunos medios y colegas.<\/p>\n<p>Pimentel hizo uso de las redes sociales para amenazar a quienes no comparten sus cuestionadas actuaciones como dirigente deportivo y calificar de &#8216;presiones sicariales period\u00edsticas&#8217;, las opiniones expuestas en Semana, El Espectador y otros medios.<\/p>\n<p>\u201cEl comportamiento del directivo Pimentel no es nuevo. En otras oportunidades ha utilizado &#8216;su envestidura&#8217; para agredir a los periodistas colombianos que censuran su comportamiento y su forma de reaccionar ante situaciones que no son de su gusto o complacencia en el f\u00fatbol colombiano\u201d, se\u00f1alaron los directivos de la Acord.<\/p>\n<p>La entidad agremia a m\u00e1s de 1200 periodistas deportivos en el pa\u00eds y puso en alerta a los asociados y a las autoridades deportivas por este tipo de reacciones que solo convocan a la violencia e intolerancia.<\/p>\n<p>Igualmente, Acord Colombia conden\u00f3 \u201cel vil asesinato\u201d del colega Edison Alberto Molina, sucedido el martes, en Puerto Berr\u00edo (Antioquia), por fuerzas oscuras. \u201cSilenciaron la voz de un gran profesional, pero no silenciar\u00e1n la de la democracia y libertad de expresi\u00f3n\u201d.<\/p>\n<p>Los directivos de la Asociaci\u00f3n conminaron a las autoridades colombianas para que protejan la libertad de expresi\u00f3n inmersa en la Constituci\u00f3n Nacional, capturen y castiguen con todo el peso de la ley, a quienes acabaron con la vida de Edison Alberto.<\/p>\n<p>\u201cExpresamos al gremio y a sus familiares nuestra voz de condolencia y solidaridad\u201d, se\u00f1alaron el presidente Carlos Julio Castellanos y el secretario general Ricardo Ruiz Espinel.<\/p>\n<p>&nbsp; <\/p>\n","protected":false},"excerpt":{"rendered":"<p>BOGOT\u00c1.- La Asociaci\u00f3n Colombiana de Periodistas Deportivos (Acord) rechaz\u00f3 \u201clos t\u00e9rminos agresivos y amenazantes\u201d con los que el directivo Eduardo Pimentel, accionista del Boyac\u00e1 Chic\u00f3, se refiri\u00f3 a algunos medios y colegas. Pimentel hizo uso de las redes sociales para amenazar a quienes no comparten sus cuestionadas actuaciones como dirigente deportivo y calificar de &#8216;presiones &hellip;<\/p>\n","protected":false},"author":1,"featured_media":19448,"comment_status":"open","ping_status":"open","sticky":false,"template":"","format":"standard","meta":{"footnotes":""},"categories":[28],"tags":[910],"class_list":["post-19447","post","type-post","status-publish","format-standard","has-post-thumbnail","hentry","category-vistazo-deportivo","tag-acord-colombia"],"_links":{"self":[{"href":"https:\/\/contraluzcucuta.co\/index.php?rest_route=\/wp\/v2\/posts\/19447","targetHints":{"allow":["GET"]}}],"collection":[{"href":"https:\/\/contraluzcucuta.co\/index.php?rest_route=\/wp\/v2\/posts"}],"about":[{"href":"https:\/\/contraluzcucuta.co\/index.php?rest_route=\/wp\/v2\/types\/post"}],"author":[{"embeddable":true,"href":"https:\/\/contraluzcucuta.co\/index.php?rest_route=\/wp\/v2\/users\/1"}],"replies":[{"embeddable":true,"href":"https:\/\/contraluzcucuta.co\/index.php?rest_route=%2Fwp%2Fv2%2Fcomments&post=19447"}],"version-history":[{"count":1,"href":"https:\/\/contraluzcucuta.co\/index.php?rest_route=\/wp\/v2\/posts\/19447\/revisions"}],"predecessor-version":[{"id":19449,"href":"https:\/\/contraluzcucuta.co\/index.php?rest_route=\/wp\/v2\/posts\/19447\/revisions\/19449"}],"wp:featuredmedia":[{"embeddable":true,"href":"https:\/\/contraluzcucuta.co\/index.php?rest_route=\/wp\/v2\/media\/19448"}],"wp:attachment":[{"href":"https:\/\/contraluzcucuta.co\/index.php?rest_route=%2Fwp%2Fv2%2Fmedia&parent=19447"}],"wp:term":[{"taxonomy":"category","embeddable":true,"href":"https:\/\/contraluzcucuta.co\/index.php?rest_route=%2Fwp%2Fv2%2Fcategories&post=19447"},{"taxonomy":"post_tag","embeddable":true,"href":"https:\/\/contraluzcucuta.co\/index.php?rest_route=%2Fwp%2Fv2%2Ftags&post=19447"}],"curies":[{"name":"wp","href":"https:\/\/api.w.org\/{rel}","templated":true}]}}