{"id":19441,"date":"2013-09-19T19:30:50","date_gmt":"2013-09-20T00:30:50","guid":{"rendered":"http:\/\/contraluzcucuta.co\/?p=19441"},"modified":"2013-09-19T19:30:50","modified_gmt":"2013-09-20T00:30:50","slug":"ventas-en-la-feria-del-calzado-superaron-los-3000-millones","status":"publish","type":"post","link":"https:\/\/contraluzcucuta.co\/?p=19441","title":{"rendered":"Ventas en la Feria del Calzado superaron los $ 3000 millones"},"content":{"rendered":"<p><b>C\u00daCUTA.-<\/b> La Feria del Calzado dej\u00f3 ventas por el orden de los $ 3000 millones. Los informes de la macrorrueda de negocios los entregaron el Ministerio de Comercio, Industria y Turismo, y la Corporaci\u00f3n para el Desarrollo de las Microempresas, Propa\u00eds,<\/p>\n<p>La cifra corresponde al valor de venta mensual de las empresas cucute\u00f1as vinculadas a la feria. Al multiplicarse por los meses que restan del a\u00f1o, el total de venta asciende a $ 12.000 millones.<\/p>\n<p>El efecto que produjo el desfile del calzado fue exitoso, porque contribuy\u00f3 al incremento de las ventas y gener\u00f3 confianza entre los compradores nacionales vinculados a la macrorrueda que se cercioraron de la calidad y la innovaci\u00f3n del calzado cucute\u00f1o.<\/p>\n<p>La meta propuesta por la administraci\u00f3n municipal era vender 100.000 pares de zapatos.<\/p>\n<p>Una estrategia para el fortalecimiento de la Feria fue la jornada de capacitaci\u00f3n para los industriales del calzado. En las jornadas acad\u00e9micas se habl\u00f3 de compras p\u00fablicas, accesos a recursos financieros y nuevas tendencias y t\u00e9cnicas de producci\u00f3n.<\/p>\n<p>El compromiso de la administraci\u00f3n municipal es la institucionalizaci\u00f3n de la Feria y Macrorrueda del Calzado, que se repetir\u00e1n en el 2014.<\/p>\n<p>En el desfile del calzado participaron modelos cucute\u00f1as que lucieron innovadoras creaciones de los expositores de la Feria. M\u00e1s de 800 asistentes disfrutaron con el espect\u00e1culo colorido y sofisticado al mejor estilo de las grandes pasarelas de la moda.<\/p>\n<p>Personalidades de la regi\u00f3n, dise\u00f1adores y compradores nacionales vieron c\u00f3mo las esbeltas modelos, a paso de gacela, lucieron el calzado cucute\u00f1o que busca imponerse entre las colombianas.<\/p>\n<p>La meta es que C\u00facuta vuelva a calzar a Colombia. El sector, en temporada baja, genera 7000 empleos y en temporada alta llega a 25.000 puestos de trabajo.<\/p>\n<p>Entidades bancarias se vincularon a la feria con el objetivo de respaldar con la asignaci\u00f3n de cr\u00e9ditos a los empresarios que hacen parte de la feria del calzado adscritos a la Corporaci\u00f3n de Industriales del Calzado. <\/p>\n","protected":false},"excerpt":{"rendered":"<p>C\u00daCUTA.- La Feria del Calzado dej\u00f3 ventas por el orden de los $ 3000 millones. Los informes de la macrorrueda de negocios los entregaron el Ministerio de Comercio, Industria y Turismo, y la Corporaci\u00f3n para el Desarrollo de las Microempresas, Propa\u00eds, La cifra corresponde al valor de venta mensual de las empresas cucute\u00f1as vinculadas a &hellip;<\/p>\n","protected":false},"author":1,"featured_media":19442,"comment_status":"open","ping_status":"open","sticky":false,"template":"","format":"standard","meta":{"footnotes":""},"categories":[541,4],"tags":[877],"class_list":["post-19441","post","type-post","status-publish","format-standard","has-post-thumbnail","hentry","category-ciudad","category-barra","tag-feria-del-calzado-en-cucuta"],"_links":{"self":[{"href":"https:\/\/contraluzcucuta.co\/index.php?rest_route=\/wp\/v2\/posts\/19441","targetHints":{"allow":["GET"]}}],"collection":[{"href":"https:\/\/contraluzcucuta.co\/index.php?rest_route=\/wp\/v2\/posts"}],"about":[{"href":"https:\/\/contraluzcucuta.co\/index.php?rest_route=\/wp\/v2\/types\/post"}],"author":[{"embeddable":true,"href":"https:\/\/contraluzcucuta.co\/index.php?rest_route=\/wp\/v2\/users\/1"}],"replies":[{"embeddable":true,"href":"https:\/\/contraluzcucuta.co\/index.php?rest_route=%2Fwp%2Fv2%2Fcomments&post=19441"}],"version-history":[{"count":1,"href":"https:\/\/contraluzcucuta.co\/index.php?rest_route=\/wp\/v2\/posts\/19441\/revisions"}],"predecessor-version":[{"id":19443,"href":"https:\/\/contraluzcucuta.co\/index.php?rest_route=\/wp\/v2\/posts\/19441\/revisions\/19443"}],"wp:featuredmedia":[{"embeddable":true,"href":"https:\/\/contraluzcucuta.co\/index.php?rest_route=\/wp\/v2\/media\/19442"}],"wp:attachment":[{"href":"https:\/\/contraluzcucuta.co\/index.php?rest_route=%2Fwp%2Fv2%2Fmedia&parent=19441"}],"wp:term":[{"taxonomy":"category","embeddable":true,"href":"https:\/\/contraluzcucuta.co\/index.php?rest_route=%2Fwp%2Fv2%2Fcategories&post=19441"},{"taxonomy":"post_tag","embeddable":true,"href":"https:\/\/contraluzcucuta.co\/index.php?rest_route=%2Fwp%2Fv2%2Ftags&post=19441"}],"curies":[{"name":"wp","href":"https:\/\/api.w.org\/{rel}","templated":true}]}}