{"id":19434,"date":"2013-09-19T18:09:42","date_gmt":"2013-09-19T23:09:42","guid":{"rendered":"http:\/\/contraluzcucuta.co\/?p=19434"},"modified":"2013-09-19T18:09:42","modified_gmt":"2013-09-19T23:09:42","slug":"4710-adolescentes-embarazadas-en-el-2012-en-norte-de-santander","status":"publish","type":"post","link":"https:\/\/contraluzcucuta.co\/?p=19434","title":{"rendered":"4710 adolescentes embarazadas, en el 2012, en Norte de Santander"},"content":{"rendered":"<p><b>C\u00daCUTA.-<\/b> 4710 embarazos en adolescentes registr\u00f3 el Dane, en el 2012, en Norte de Santander. La cifra preocupa al gobierno departamental, que pondr\u00e1 en marcha una\u00a0 estrategia enfocada a la planificaci\u00f3n de proyectos de vida que les permitan la permanencia escolar y la culminaci\u00f3n del ciclo educativo.<\/p>\n<p>El objetivo ser\u00e1 reducir los altos \u00edndices en el departamento, dijo el secretario general Gregorio Angarita Lamk en la presentaci\u00f3n \u00a0de la Semana Andina de Prevenci\u00f3n de Embarazos en Adolescentes PEA), se llevar\u00e1 a cabo del 23 al 28 de septiembre.<\/p>\n<p>Para el desarrollo de la estrategia, desde el eje de Promoci\u00f3n, Prevenci\u00f3n y Divulgaci\u00f3n de los Derechos Fundamentales de la Mujer, hay lineamientos para la construcci\u00f3n de capital social, \u00a0promoci\u00f3n de factores protectores y\u00a0 de \u00e9nfasis en la toma de decisiones responsables.<\/p>\n<p>Olga Cristina Jaimes, secretaria de la Mujer, dijo que la Semana Andina se presentar\u00e1, el 23 de septiembre, en el parque Los Naranjos. El 26, se efectuar\u00e1 el concierto con la Orquesta Sinf\u00f3nica Juvenil del maestro Hernando Leal Landaz\u00e1bal, en el teatro Zulima.<\/p>\n<p>El Conpes 147 (prevenci\u00f3n de embarazo en adolescentes) es una herramienta para el dise\u00f1o, formulaci\u00f3n y desarrollo de una estrategia integral, con el fin de reducir los \u00edndices en C\u00facuta, Villa del Rosario, Los Patios, El Zulia, Oca\u00f1a, Pamplona y Tib\u00fa.<\/p>\n<p>Mar\u00eda Ximena Barrag\u00e1n, delegada para Norte de Santander y Santander por la Presidencia de la Rep\u00fablica, dijo que por voluntad del gobierno de Norte de Santander se podr\u00e1 tener mejores resultados en cuanto a la disminuci\u00f3n de embarazos en adolescentes.<\/p>\n<p>&nbsp; <\/p>\n","protected":false},"excerpt":{"rendered":"<p>C\u00daCUTA.- 4710 embarazos en adolescentes registr\u00f3 el Dane, en el 2012, en Norte de Santander. La cifra preocupa al gobierno departamental, que pondr\u00e1 en marcha una\u00a0 estrategia enfocada a la planificaci\u00f3n de proyectos de vida que les permitan la permanencia escolar y la culminaci\u00f3n del ciclo educativo. El objetivo ser\u00e1 reducir los altos \u00edndices en &hellip;<\/p>\n","protected":false},"author":1,"featured_media":19436,"comment_status":"open","ping_status":"open","sticky":false,"template":"","format":"standard","meta":{"footnotes":""},"categories":[556,4],"tags":[908],"class_list":["post-19434","post","type-post","status-publish","format-standard","has-post-thumbnail","hentry","category-departamento","category-barra","tag-adolescentes-embarazadas"],"_links":{"self":[{"href":"https:\/\/contraluzcucuta.co\/index.php?rest_route=\/wp\/v2\/posts\/19434","targetHints":{"allow":["GET"]}}],"collection":[{"href":"https:\/\/contraluzcucuta.co\/index.php?rest_route=\/wp\/v2\/posts"}],"about":[{"href":"https:\/\/contraluzcucuta.co\/index.php?rest_route=\/wp\/v2\/types\/post"}],"author":[{"embeddable":true,"href":"https:\/\/contraluzcucuta.co\/index.php?rest_route=\/wp\/v2\/users\/1"}],"replies":[{"embeddable":true,"href":"https:\/\/contraluzcucuta.co\/index.php?rest_route=%2Fwp%2Fv2%2Fcomments&post=19434"}],"version-history":[{"count":1,"href":"https:\/\/contraluzcucuta.co\/index.php?rest_route=\/wp\/v2\/posts\/19434\/revisions"}],"predecessor-version":[{"id":19437,"href":"https:\/\/contraluzcucuta.co\/index.php?rest_route=\/wp\/v2\/posts\/19434\/revisions\/19437"}],"wp:featuredmedia":[{"embeddable":true,"href":"https:\/\/contraluzcucuta.co\/index.php?rest_route=\/wp\/v2\/media\/19436"}],"wp:attachment":[{"href":"https:\/\/contraluzcucuta.co\/index.php?rest_route=%2Fwp%2Fv2%2Fmedia&parent=19434"}],"wp:term":[{"taxonomy":"category","embeddable":true,"href":"https:\/\/contraluzcucuta.co\/index.php?rest_route=%2Fwp%2Fv2%2Fcategories&post=19434"},{"taxonomy":"post_tag","embeddable":true,"href":"https:\/\/contraluzcucuta.co\/index.php?rest_route=%2Fwp%2Fv2%2Ftags&post=19434"}],"curies":[{"name":"wp","href":"https:\/\/api.w.org\/{rel}","templated":true}]}}