{"id":19386,"date":"2013-09-14T12:08:19","date_gmt":"2013-09-14T17:08:19","guid":{"rendered":"http:\/\/contraluzcucuta.co\/?p=19386"},"modified":"2013-09-14T12:08:19","modified_gmt":"2013-09-14T17:08:19","slug":"rescatado-buho","status":"publish","type":"post","link":"https:\/\/contraluzcucuta.co\/?p=19386","title":{"rendered":"Rescatado b\u00faho"},"content":{"rendered":"<p><b>C\u00daCUTA.-<\/b> Personal del Grupo Protecci\u00f3n Ambiental y Ecol\u00f3gica (Gupae) de la Polic\u00eda Metropolitana de C\u00facuta (Mecuc) y la comunidad rescataron un b\u00faho. El ave estaba enredada en un \u00e1rbol en el patio de una vivienda de C\u00facuta.<\/p>\n<p>El hallazgo ocurri\u00f3 luego de que se recibiera una llamada telef\u00f3nica que alertaba de la llegada del animal a la vivienda del barrio La Libertad. El b\u00faho qued\u00f3 a disposici\u00f3n de la autoridad local ambiental para que le brinde la atenci\u00f3n y rehabilitaci\u00f3n necesarias para la protecci\u00f3n y el regreso al h\u00e1bitat natural.<\/p>\n<p>&nbsp; <\/p>\n","protected":false},"excerpt":{"rendered":"<p>C\u00daCUTA.- Personal del Grupo Protecci\u00f3n Ambiental y Ecol\u00f3gica (Gupae) de la Polic\u00eda Metropolitana de C\u00facuta (Mecuc) y la comunidad rescataron un b\u00faho. El ave estaba enredada en un \u00e1rbol en el patio de una vivienda de C\u00facuta. El hallazgo ocurri\u00f3 luego de que se recibiera una llamada telef\u00f3nica que alertaba de la llegada del animal &hellip;<\/p>\n","protected":false},"author":1,"featured_media":19387,"comment_status":"open","ping_status":"open","sticky":false,"template":"","format":"standard","meta":{"footnotes":""},"categories":[347],"tags":[900],"class_list":["post-19386","post","type-post","status-publish","format-standard","has-post-thumbnail","hentry","category-medio-ambiente","tag-rescatado-buho"],"_links":{"self":[{"href":"https:\/\/contraluzcucuta.co\/index.php?rest_route=\/wp\/v2\/posts\/19386","targetHints":{"allow":["GET"]}}],"collection":[{"href":"https:\/\/contraluzcucuta.co\/index.php?rest_route=\/wp\/v2\/posts"}],"about":[{"href":"https:\/\/contraluzcucuta.co\/index.php?rest_route=\/wp\/v2\/types\/post"}],"author":[{"embeddable":true,"href":"https:\/\/contraluzcucuta.co\/index.php?rest_route=\/wp\/v2\/users\/1"}],"replies":[{"embeddable":true,"href":"https:\/\/contraluzcucuta.co\/index.php?rest_route=%2Fwp%2Fv2%2Fcomments&post=19386"}],"version-history":[{"count":2,"href":"https:\/\/contraluzcucuta.co\/index.php?rest_route=\/wp\/v2\/posts\/19386\/revisions"}],"predecessor-version":[{"id":19389,"href":"https:\/\/contraluzcucuta.co\/index.php?rest_route=\/wp\/v2\/posts\/19386\/revisions\/19389"}],"wp:featuredmedia":[{"embeddable":true,"href":"https:\/\/contraluzcucuta.co\/index.php?rest_route=\/wp\/v2\/media\/19387"}],"wp:attachment":[{"href":"https:\/\/contraluzcucuta.co\/index.php?rest_route=%2Fwp%2Fv2%2Fmedia&parent=19386"}],"wp:term":[{"taxonomy":"category","embeddable":true,"href":"https:\/\/contraluzcucuta.co\/index.php?rest_route=%2Fwp%2Fv2%2Fcategories&post=19386"},{"taxonomy":"post_tag","embeddable":true,"href":"https:\/\/contraluzcucuta.co\/index.php?rest_route=%2Fwp%2Fv2%2Ftags&post=19386"}],"curies":[{"name":"wp","href":"https:\/\/api.w.org\/{rel}","templated":true}]}}