{"id":19383,"date":"2013-09-12T21:51:58","date_gmt":"2013-09-13T02:51:58","guid":{"rendered":"http:\/\/contraluzcucuta.co\/?p=19383"},"modified":"2013-09-12T21:51:58","modified_gmt":"2013-09-13T02:51:58","slug":"departamental-de-tenis-de-campo-en-cucuta","status":"publish","type":"post","link":"https:\/\/contraluzcucuta.co\/?p=19383","title":{"rendered":"Departamental de tenis de campo en C\u00facuta"},"content":{"rendered":"<p><b>C\u00daCUTA.-<\/b> La \u2018Copa Gobernaci\u00f3n de Norte de Santander\u2019, primer departamental de tenis de campo interclubes, se disputar\u00e1 en C\u00facuta, del 19 al 22 de septiembre. La presentaci\u00f3n oficial del torneo se llevar\u00e1 a cabo el 16 de septiembre, a las 9:00 de la ma\u00f1ana,\u00a0 en el sal\u00f3n Eustorgio Colmenares<\/p>\n<p>El objetivo es integrar a los clubes deportivos afiliados y no afiliados a la Liga de Tenis de Campo de Norte de Santander; involucrar a directivos, profesores, jugadores, padres de familia,\u00a0 periodistas, autoridades de la regi\u00f3n y comunidad en el desarrollo de la disciplina.<\/p>\n<p>En el campeonato participar\u00e1n 150 tenistas, en la categor\u00eda juvenil 10-12-14-16. Los partidos se disputar\u00e1n en el complejo ten\u00edstico \u2018Fabiola Zuluaga\u2019. Las categor\u00edas Segunda, Tercera, Cuarta y Quinta de Mayores tendr\u00e1n como sedes las canchas de la Corporaci\u00f3n Tennis Golf Club.<\/p>\n<p>Hace 7 a\u00f1os no se organiza una actividad ten\u00edstica en la ciudad. Ahora existen los escenarios propicios para disfrutar del deporte blanco. El complejo sirvi\u00f3 para los encuentros de los Juegos Nacionales 2012 y la fase de la Copa Davis, que enfrent\u00f3 a Colombia con Uruguay.<\/p>\n<p>Es el momento para consolidar la selecci\u00f3n de tenis de campo, que representar\u00e1 al departamento en los Nacionales del 2015 y en los torneos\u00a0 internacionales. <\/p>\n","protected":false},"excerpt":{"rendered":"<p>C\u00daCUTA.- La \u2018Copa Gobernaci\u00f3n de Norte de Santander\u2019, primer departamental de tenis de campo interclubes, se disputar\u00e1 en C\u00facuta, del 19 al 22 de septiembre. La presentaci\u00f3n oficial del torneo se llevar\u00e1 a cabo el 16 de septiembre, a las 9:00 de la ma\u00f1ana,\u00a0 en el sal\u00f3n Eustorgio Colmenares El objetivo es integrar a los &hellip;<\/p>\n","protected":false},"author":1,"featured_media":19384,"comment_status":"open","ping_status":"open","sticky":false,"template":"","format":"standard","meta":{"footnotes":""},"categories":[28],"tags":[899,898],"class_list":["post-19383","post","type-post","status-publish","format-standard","has-post-thumbnail","hentry","category-vistazo-deportivo","tag-complejo-fabiola-zuluaga","tag-departamental-de-tenis"],"_links":{"self":[{"href":"https:\/\/contraluzcucuta.co\/index.php?rest_route=\/wp\/v2\/posts\/19383","targetHints":{"allow":["GET"]}}],"collection":[{"href":"https:\/\/contraluzcucuta.co\/index.php?rest_route=\/wp\/v2\/posts"}],"about":[{"href":"https:\/\/contraluzcucuta.co\/index.php?rest_route=\/wp\/v2\/types\/post"}],"author":[{"embeddable":true,"href":"https:\/\/contraluzcucuta.co\/index.php?rest_route=\/wp\/v2\/users\/1"}],"replies":[{"embeddable":true,"href":"https:\/\/contraluzcucuta.co\/index.php?rest_route=%2Fwp%2Fv2%2Fcomments&post=19383"}],"version-history":[{"count":1,"href":"https:\/\/contraluzcucuta.co\/index.php?rest_route=\/wp\/v2\/posts\/19383\/revisions"}],"predecessor-version":[{"id":19385,"href":"https:\/\/contraluzcucuta.co\/index.php?rest_route=\/wp\/v2\/posts\/19383\/revisions\/19385"}],"wp:featuredmedia":[{"embeddable":true,"href":"https:\/\/contraluzcucuta.co\/index.php?rest_route=\/wp\/v2\/media\/19384"}],"wp:attachment":[{"href":"https:\/\/contraluzcucuta.co\/index.php?rest_route=%2Fwp%2Fv2%2Fmedia&parent=19383"}],"wp:term":[{"taxonomy":"category","embeddable":true,"href":"https:\/\/contraluzcucuta.co\/index.php?rest_route=%2Fwp%2Fv2%2Fcategories&post=19383"},{"taxonomy":"post_tag","embeddable":true,"href":"https:\/\/contraluzcucuta.co\/index.php?rest_route=%2Fwp%2Fv2%2Ftags&post=19383"}],"curies":[{"name":"wp","href":"https:\/\/api.w.org\/{rel}","templated":true}]}}