{"id":19380,"date":"2013-09-12T21:29:43","date_gmt":"2013-09-13T02:29:43","guid":{"rendered":"http:\/\/contraluzcucuta.co\/?p=19380"},"modified":"2013-09-12T21:29:43","modified_gmt":"2013-09-13T02:29:43","slug":"la-biblioteca-publica-respira-ambiente-de-feria-del-calzado","status":"publish","type":"post","link":"https:\/\/contraluzcucuta.co\/?p=19380","title":{"rendered":"La biblioteca p\u00fablica respira ambiente de Feria del Calzado"},"content":{"rendered":"<p><b>C\u00daCUTA.-<\/b> La primera Feria y Macrorrueda del Calzado comienza a tener forma con el inicio del montaje de los locales en la biblioteca p\u00fablica Julio P\u00e9rez Ferrero. M\u00e1s de 60 expositores exhibir\u00e1n los productos entre el 17 y 19 de septiembre.<\/p>\n<p>La Corporaci\u00f3n de Industriales del Calzado y la Marroquiner\u00eda est\u00e1 a la expectativa por la llegada de compradores y empresarios que adquirir\u00e1n productos con calidad.<\/p>\n<p>El aporte de la administraci\u00f3n municipal tiene como objetivo recuperar, reactivar y despertar el comercio y la exportaci\u00f3n de productos de la capital nortesantandereana. \u201cEl sacrificio bien manejado permite que poderes como los del calzado vuelvan a vivirse en la ciudad\u201d, dijo el alcalde Donamaris Ram\u00edrez.<\/p>\n<p>La imagen oficial de la campa\u00f1a tiene los colores representativos de la regi\u00f3n. Est\u00e1 compuesta por una zapatilla de tac\u00f3n alto y elegante que simboliza la perspectiva y la proyecci\u00f3n de la iniciativa. El eslogan de la Feria, con el que se busca posicionar de nuevo el calzado cucute\u00f1o en los mercados nacional e internacional, \u00a0es \u2018C\u00facuta calza a Colombia\u2019.<\/p>\n<p>En los tres d\u00edas de feria se ofrecer\u00e1n conferencias de alto nivel dirigidas a productores del calzado para ense\u00f1arles nuevas t\u00e9cnicas, tendencias y dise\u00f1os.<\/p>\n<p>Los cucute\u00f1os est\u00e1n invitados a participar en la actividad comercial para que adquieran productos y art\u00edculos de excelente calidad.<\/p>\n<p>Han confirmado la participaci\u00f3n compradores de Antioquia, Cundinamarca, Valle, Meta, Atl\u00e1ntico, Meta, Santander, C\u00f3rdoba, Nari\u00f1o, Casanare, Bol\u00edvar, Quind\u00edo, Risaralda, Caldas.<\/p>\n<p>&nbsp; <\/p>\n","protected":false},"excerpt":{"rendered":"<p>C\u00daCUTA.- La primera Feria y Macrorrueda del Calzado comienza a tener forma con el inicio del montaje de los locales en la biblioteca p\u00fablica Julio P\u00e9rez Ferrero. M\u00e1s de 60 expositores exhibir\u00e1n los productos entre el 17 y 19 de septiembre. La Corporaci\u00f3n de Industriales del Calzado y la Marroquiner\u00eda est\u00e1 a la expectativa por &hellip;<\/p>\n","protected":false},"author":1,"featured_media":19381,"comment_status":"open","ping_status":"open","sticky":false,"template":"","format":"standard","meta":{"footnotes":""},"categories":[6],"tags":[877],"class_list":["post-19380","post","type-post","status-publish","format-standard","has-post-thumbnail","hentry","category-ojo-avizor","tag-feria-del-calzado-en-cucuta"],"_links":{"self":[{"href":"https:\/\/contraluzcucuta.co\/index.php?rest_route=\/wp\/v2\/posts\/19380","targetHints":{"allow":["GET"]}}],"collection":[{"href":"https:\/\/contraluzcucuta.co\/index.php?rest_route=\/wp\/v2\/posts"}],"about":[{"href":"https:\/\/contraluzcucuta.co\/index.php?rest_route=\/wp\/v2\/types\/post"}],"author":[{"embeddable":true,"href":"https:\/\/contraluzcucuta.co\/index.php?rest_route=\/wp\/v2\/users\/1"}],"replies":[{"embeddable":true,"href":"https:\/\/contraluzcucuta.co\/index.php?rest_route=%2Fwp%2Fv2%2Fcomments&post=19380"}],"version-history":[{"count":1,"href":"https:\/\/contraluzcucuta.co\/index.php?rest_route=\/wp\/v2\/posts\/19380\/revisions"}],"predecessor-version":[{"id":19382,"href":"https:\/\/contraluzcucuta.co\/index.php?rest_route=\/wp\/v2\/posts\/19380\/revisions\/19382"}],"wp:featuredmedia":[{"embeddable":true,"href":"https:\/\/contraluzcucuta.co\/index.php?rest_route=\/wp\/v2\/media\/19381"}],"wp:attachment":[{"href":"https:\/\/contraluzcucuta.co\/index.php?rest_route=%2Fwp%2Fv2%2Fmedia&parent=19380"}],"wp:term":[{"taxonomy":"category","embeddable":true,"href":"https:\/\/contraluzcucuta.co\/index.php?rest_route=%2Fwp%2Fv2%2Fcategories&post=19380"},{"taxonomy":"post_tag","embeddable":true,"href":"https:\/\/contraluzcucuta.co\/index.php?rest_route=%2Fwp%2Fv2%2Ftags&post=19380"}],"curies":[{"name":"wp","href":"https:\/\/api.w.org\/{rel}","templated":true}]}}