{"id":19377,"date":"2013-09-12T21:15:02","date_gmt":"2013-09-13T02:15:02","guid":{"rendered":"http:\/\/contraluzcucuta.co\/?p=19377"},"modified":"2013-09-12T21:15:02","modified_gmt":"2013-09-13T02:15:02","slug":"norte-de-santander-tiene-plataforma-digital-para-situaciones-de-emergencia","status":"publish","type":"post","link":"https:\/\/contraluzcucuta.co\/?p=19377","title":{"rendered":"Norte de Santander tiene plataforma digital para situaciones de emergencia"},"content":{"rendered":"<p><b>C\u00daCUTA.-<\/b> Representantes de 17 municipios de Norte de Santander \u00a0participaron en la jornada sobre el manejo de la Sala de Crisis Virtual en situaci\u00f3n de emergencias para la regi\u00f3n. La capacitaci\u00f3n fue ofrecida por funcionarios de la Organizaci\u00f3n Panamericana de Salud OPS\/OMS.<\/p>\n<p>Los integrantes de los consejos municipales de gesti\u00f3n del riesgo de desastres de Labateca, Los Patios, Bochalema, Santiago, C\u00e1chira, San Cayetano, Ragonvalia, La Esperanza, Cucutilla, Arboledas, Mutiscua, Bucarasica, Chitag\u00e1, Gramalote, Tib\u00fa, C\u00facuta y Salazar estuvieron acompa\u00f1ados por delegados de los organismos de socorro y el Ej\u00e9rcito.<\/p>\n<p>El objetivo de la jornada era socializar c\u00f3mo utilizar esta herramienta tecnol\u00f3gica para permitirles a los organismos de socorro y autoridades\u00a0 locales subir de manera inmediata los reportes o las situaciones que ocurran en veredas, corregimientos y zonas urbanas, como consecuencia de la oleada invernal y sequ\u00edas.<\/p>\n<p>Norte de Santander es el tercer departamento, despu\u00e9s de Cauca y Choc\u00f3, en implementar la plataforma digital que le facilitar\u00e1 al Comit\u00e9 Departamental de Gesti\u00f3n del Riesgo de Desastres brindar atenci\u00f3n y soluciones oportunas en tiempo real a las emergencias y el control de las intervenciones, procedimientos y toma de decisiones pertinentes.<\/p>\n<p>Las acciones emprendidas han sido coordinadas de manera conjunta con el Ministerio de la Protecci\u00f3n Social, entidades territoriales y\u00a0 equipos de las oficinas de terreno de la instituci\u00f3n.<\/p>\n<p>Uriel Caicedo, funcionario de la oficina del CDGRD, indic\u00f3 la importancia de la puesta en marcha de la p\u00e1gina web para que sea utilizada por los coordinadores de los Comit\u00e9s Municipales o por los inscritos en el nuevo sistema, mediante computador o equipo telef\u00f3nico, que facilite conocer de manera inmediata los eventos que se generen para la posterior intervenci\u00f3n en el sitio de afectaci\u00f3n.<\/p>\n<p>La estrategia web maneja herramientas para la consolidaci\u00f3n de la informaci\u00f3n, en el manejo de las acciones y el modo de respuesta. Genera una base de datos de las emergencias ocurridas en el departamento y permite conocer\u00a0 el nivel de riesgo en el que se encuentra la regi\u00f3n.<\/p>\n<p>&nbsp; <\/p>\n","protected":false},"excerpt":{"rendered":"<p>C\u00daCUTA.- Representantes de 17 municipios de Norte de Santander \u00a0participaron en la jornada sobre el manejo de la Sala de Crisis Virtual en situaci\u00f3n de emergencias para la regi\u00f3n. La capacitaci\u00f3n fue ofrecida por funcionarios de la Organizaci\u00f3n Panamericana de Salud OPS\/OMS. Los integrantes de los consejos municipales de gesti\u00f3n del riesgo de desastres de &hellip;<\/p>\n","protected":false},"author":1,"featured_media":19378,"comment_status":"open","ping_status":"open","sticky":false,"template":"","format":"standard","meta":{"footnotes":""},"categories":[32],"tags":[897],"class_list":["post-19377","post","type-post","status-publish","format-standard","has-post-thumbnail","hentry","category-recorrido-por-la-region","tag-sala-de-crisis-virtual"],"_links":{"self":[{"href":"https:\/\/contraluzcucuta.co\/index.php?rest_route=\/wp\/v2\/posts\/19377","targetHints":{"allow":["GET"]}}],"collection":[{"href":"https:\/\/contraluzcucuta.co\/index.php?rest_route=\/wp\/v2\/posts"}],"about":[{"href":"https:\/\/contraluzcucuta.co\/index.php?rest_route=\/wp\/v2\/types\/post"}],"author":[{"embeddable":true,"href":"https:\/\/contraluzcucuta.co\/index.php?rest_route=\/wp\/v2\/users\/1"}],"replies":[{"embeddable":true,"href":"https:\/\/contraluzcucuta.co\/index.php?rest_route=%2Fwp%2Fv2%2Fcomments&post=19377"}],"version-history":[{"count":1,"href":"https:\/\/contraluzcucuta.co\/index.php?rest_route=\/wp\/v2\/posts\/19377\/revisions"}],"predecessor-version":[{"id":19379,"href":"https:\/\/contraluzcucuta.co\/index.php?rest_route=\/wp\/v2\/posts\/19377\/revisions\/19379"}],"wp:featuredmedia":[{"embeddable":true,"href":"https:\/\/contraluzcucuta.co\/index.php?rest_route=\/wp\/v2\/media\/19378"}],"wp:attachment":[{"href":"https:\/\/contraluzcucuta.co\/index.php?rest_route=%2Fwp%2Fv2%2Fmedia&parent=19377"}],"wp:term":[{"taxonomy":"category","embeddable":true,"href":"https:\/\/contraluzcucuta.co\/index.php?rest_route=%2Fwp%2Fv2%2Fcategories&post=19377"},{"taxonomy":"post_tag","embeddable":true,"href":"https:\/\/contraluzcucuta.co\/index.php?rest_route=%2Fwp%2Fv2%2Ftags&post=19377"}],"curies":[{"name":"wp","href":"https:\/\/api.w.org\/{rel}","templated":true}]}}