{"id":19372,"date":"2013-09-12T20:46:29","date_gmt":"2013-09-13T01:46:29","guid":{"rendered":"http:\/\/contraluzcucuta.co\/?p=19372"},"modified":"2013-09-12T20:46:29","modified_gmt":"2013-09-13T01:46:29","slug":"adultos-mayores-cucutenos-festejaron-su-dia","status":"publish","type":"post","link":"https:\/\/contraluzcucuta.co\/?p=19372","title":{"rendered":"Adultos mayores cucute\u00f1os festejaron su d\u00eda"},"content":{"rendered":"<p><b>C\u00daCUTA.-<\/b> Dos mil quinientos abuelitos celebraron, en en el coliseo del Inem, el D\u00eda del Adulto Mayor en compa\u00f1\u00eda de la gestora social Maribel Cuadros de Ram\u00edrez y el gabinete municipal.<\/p>\n<p>El calor de la tarde soleada no impidi\u00f3 que hombres y mujeres de la tercera edad, provenientes de las diez comunas y miembros de las 263 asociaciones del adulto mayor constituidas legalmente, disfrutaran, bailaran, hicieran ejercicio y gozaran con la actividad l\u00fadico-recreativa.<\/p>\n<p>\u201cEste es un evento social, para reconocer y exaltar a nuestros abuelos, devolverles su sitio en la comunidad\u201d, dijo el alcalde Donamaris Ram\u00edrez. La Alcald\u00eda proporcion\u00f3 el trasporte hasta el Inem.<\/p>\n<p>En la celebraci\u00f3n participaron artistas, grupos de danza, recreadores, que hicieron este d\u00eda especial e inolvidable. Hubo espect\u00e1culos musicales, rifas, entrega de obsequios y refrigerios.<\/p>\n<p>Los abuelos escucharon propuestas de desarrollo e inversi\u00f3n social. El Departamento Administrativo de Bienestar Social anunci\u00f3 que la pr\u00f3xima semana inicia la entrega de sillas de ruedas y el fortalecimiento de la asociaci\u00f3n de las organizaciones, avances de la estrategia social para la tercera edad.<\/p>\n<p>La estrategia se enlaza con las Ferias de Servicios Sociales que se llevan a las comunas de la capital nortesantandereana. \u201cLos adultos mayores recibir\u00e1n m\u00e1s informaci\u00f3n, m\u00e1s servicios y m\u00e1s atenci\u00f3n\u201d, dijo Yirley Vargas Torrado, directora de Bienestar Social.<\/p>\n<p>&nbsp;<\/p>\n<p>&nbsp; <\/p>\n","protected":false},"excerpt":{"rendered":"<p>C\u00daCUTA.- Dos mil quinientos abuelitos celebraron, en en el coliseo del Inem, el D\u00eda del Adulto Mayor en compa\u00f1\u00eda de la gestora social Maribel Cuadros de Ram\u00edrez y el gabinete municipal. El calor de la tarde soleada no impidi\u00f3 que hombres y mujeres de la tercera edad, provenientes de las diez comunas y miembros de &hellip;<\/p>\n","protected":false},"author":1,"featured_media":19373,"comment_status":"open","ping_status":"open","sticky":false,"template":"","format":"standard","meta":{"footnotes":""},"categories":[36],"tags":[896],"class_list":["post-19372","post","type-post","status-publish","format-standard","has-post-thumbnail","hentry","category-la-voz-del-pueblo","tag-adultos-mayores-de-cucuta"],"_links":{"self":[{"href":"https:\/\/contraluzcucuta.co\/index.php?rest_route=\/wp\/v2\/posts\/19372","targetHints":{"allow":["GET"]}}],"collection":[{"href":"https:\/\/contraluzcucuta.co\/index.php?rest_route=\/wp\/v2\/posts"}],"about":[{"href":"https:\/\/contraluzcucuta.co\/index.php?rest_route=\/wp\/v2\/types\/post"}],"author":[{"embeddable":true,"href":"https:\/\/contraluzcucuta.co\/index.php?rest_route=\/wp\/v2\/users\/1"}],"replies":[{"embeddable":true,"href":"https:\/\/contraluzcucuta.co\/index.php?rest_route=%2Fwp%2Fv2%2Fcomments&post=19372"}],"version-history":[{"count":1,"href":"https:\/\/contraluzcucuta.co\/index.php?rest_route=\/wp\/v2\/posts\/19372\/revisions"}],"predecessor-version":[{"id":19374,"href":"https:\/\/contraluzcucuta.co\/index.php?rest_route=\/wp\/v2\/posts\/19372\/revisions\/19374"}],"wp:featuredmedia":[{"embeddable":true,"href":"https:\/\/contraluzcucuta.co\/index.php?rest_route=\/wp\/v2\/media\/19373"}],"wp:attachment":[{"href":"https:\/\/contraluzcucuta.co\/index.php?rest_route=%2Fwp%2Fv2%2Fmedia&parent=19372"}],"wp:term":[{"taxonomy":"category","embeddable":true,"href":"https:\/\/contraluzcucuta.co\/index.php?rest_route=%2Fwp%2Fv2%2Fcategories&post=19372"},{"taxonomy":"post_tag","embeddable":true,"href":"https:\/\/contraluzcucuta.co\/index.php?rest_route=%2Fwp%2Fv2%2Ftags&post=19372"}],"curies":[{"name":"wp","href":"https:\/\/api.w.org\/{rel}","templated":true}]}}