{"id":19362,"date":"2013-09-12T20:27:08","date_gmt":"2013-09-13T01:27:08","guid":{"rendered":"http:\/\/contraluzcucuta.co\/?p=19362"},"modified":"2013-09-12T20:27:08","modified_gmt":"2013-09-13T01:27:08","slug":"secuelas-del-movimiento-agrario-nacional","status":"publish","type":"post","link":"https:\/\/contraluzcucuta.co\/?p=19362","title":{"rendered":"Secuelas del  movimiento agrario nacional"},"content":{"rendered":"<p><b>C\u00daCUTA.-<\/b> El sector agropecuario colombiano se ha distinguido por la desuni\u00f3n, la dispersi\u00f3n, la inconexi\u00f3n. Los subsectores,\u00a0 tradicionalmente,\u00a0 en forma independiente resuelven los problemas internos econ\u00f3micos,\u00a0 estructurales y\u00a0 sociales. En esto han influido siempre la pol\u00edtica, las creencias, el tradicionalismo y el feudalismo.<\/p>\n<p>Han existido marcadas\u00a0 diferencias socioecon\u00f3micas, en el empresariado rural. Esto trajo como consecuencia un medio propicio para el imperio de la anarqu\u00eda, el caudillismo, el gamonalismo y la politiquer\u00eda, originarias, a su vez, de carencias, abandono, desprotecci\u00f3n\u00a0 y\u00a0 violencia. Origen de\u00a0 un desbarajuste general inusitado,\u00a0 que lo\u00a0 han conducido\u00a0 a situaciones calamitosas, obligando\u00a0 a los representantes a hacer causa com\u00fan para conseguir\u00a0 soluciones, desatendidas por muchos a\u00f1os, durante sucesivos gobiernos.<\/p>\n<p>Esta ha sido, realmente, la causa y el motivo de la protesta agraria nacional, expresada en una sucesi\u00f3n de hechos, que paralizaron al pa\u00eds. A\u00a0 manera de reflexi\u00f3n, evaluemos\u00a0 los resultados producidos por el paro agropecuario nacional:<\/p>\n<p>1.- Movi\u00f3 al estamento gubernamental (Gobierno). Caus\u00f3 par\u00e1lisis administrativa de todo orden. Hizo rectificar, conceptualmente, al presidente de la rep\u00fablica Juan Manuel Santos sobre la realidad que se viv\u00eda. Gener\u00f3, indirecta y coincidentemente, cambios sustanciales en la c\u00fapula militar y en el gabinete ministerial.<\/p>\n<p>2.- Alert\u00f3, como nunca antes, a la clase pol\u00edtica, expresada por el Congreso, que ahora s\u00ed propone cambios legales sobre lo que debe ser el desarrollo socioecon\u00f3mico rural y reformul\u00f3 el proyecto de presupuesto para el 2014, con incremento en la inversi\u00f3n sectorial.<\/p>\n<p>3.- Moviliz\u00f3 a otras expresiones sociales, que hicieron causa com\u00fan con los agricultores: sindicatos, estudiantes, trasportadores, mineros, medios de comunicaci\u00f3n, entre otros.<\/p>\n<p>4.- Inquiet\u00f3 la atenci\u00f3n de organismos de derechos humanos, nacionales e internacionales.<\/p>\n<p>5.- Fortaleci\u00f3 al sector agropecuario, sensibiliz\u00f3 las carencias, motivo fundamental en la b\u00fasqueda\u00a0 de soluciones.<\/p>\n<p>6.- Solidariz\u00f3 a la comunidad y consigui\u00f3 la comprensi\u00f3n en la responsabilidad\u00a0 de la\u00a0 producci\u00f3n de alimentos, para la seguridad alimentaria colombiana.<\/p>\n<p>Algunas conclusiones del paro agrario, para ser revisadas y solucionadas por el gobierno, son:<\/p>\n<p>1.- Revisi\u00f3n de la tasa de cambio.<\/p>\n<p>2.- Regulaci\u00f3n de los precios de los combustibles y de los insumos agropecuarios.<\/p>\n<p>3.- Soluci\u00f3n de los efectos negativos en los pactos internacionales de comercio.<\/p>\n<p>4.- Inversi\u00f3n a corto plazo en obras de infraestructura necesitadas en el campo: v\u00edas, distritos de riego, adecuaci\u00f3n de tierras.<\/p>\n<p>5.- Financiaci\u00f3n de proyectos productivos sustentables y sostenibles.<\/p>\n<p>6.- Evaluaci\u00f3n de\u00a0 la\u00a0 competencia y la eficiencia en las instituciones agropecuarias.<\/p>\n<p>7.- Consideraci\u00f3n del sector agropecuario como motor de la competitividad en la econom\u00eda nacional.<\/p>\n<p><b>Conclusi\u00f3n:<\/b> Nunca\u00a0 se hab\u00eda sensibilizado tanto a la comunidad sobre lo\u00a0 que representa el sector rural agropecuario como en esta ocasi\u00f3n. Por esto, la dirigencia agraria nacional debe, sin pasiones ni tendencias extremas, saber encausar este momento y redireccionar el sector por medio de un liderazgo responsable.<\/p>\n<p><b>CIRO A. RAMIREZ DAVILA<\/b><\/p>\n<p><a href=\"mailto:cardagro60@hotmail.com\">cardagro60@hotmail.com<\/a><\/p>\n<p>&nbsp;<\/p>\n<p>&nbsp;<\/p>\n<p>&nbsp;<\/p>\n<p>&nbsp; <\/p>\n","protected":false},"excerpt":{"rendered":"<p>C\u00daCUTA.- El sector agropecuario colombiano se ha distinguido por la desuni\u00f3n, la dispersi\u00f3n, la inconexi\u00f3n. Los subsectores,\u00a0 tradicionalmente,\u00a0 en forma independiente resuelven los problemas internos econ\u00f3micos,\u00a0 estructurales y\u00a0 sociales. En esto han influido siempre la pol\u00edtica, las creencias, el tradicionalismo y el feudalismo. Han existido marcadas\u00a0 diferencias socioecon\u00f3micas, en el empresariado rural. Esto trajo como &hellip;<\/p>\n","protected":false},"author":1,"featured_media":19363,"comment_status":"open","ping_status":"open","sticky":false,"template":"","format":"standard","meta":{"footnotes":""},"categories":[14,4],"tags":[869],"class_list":["post-19362","post","type-post","status-publish","format-standard","has-post-thumbnail","hentry","category-articulistas","category-barra","tag-paro-agrario"],"_links":{"self":[{"href":"https:\/\/contraluzcucuta.co\/index.php?rest_route=\/wp\/v2\/posts\/19362","targetHints":{"allow":["GET"]}}],"collection":[{"href":"https:\/\/contraluzcucuta.co\/index.php?rest_route=\/wp\/v2\/posts"}],"about":[{"href":"https:\/\/contraluzcucuta.co\/index.php?rest_route=\/wp\/v2\/types\/post"}],"author":[{"embeddable":true,"href":"https:\/\/contraluzcucuta.co\/index.php?rest_route=\/wp\/v2\/users\/1"}],"replies":[{"embeddable":true,"href":"https:\/\/contraluzcucuta.co\/index.php?rest_route=%2Fwp%2Fv2%2Fcomments&post=19362"}],"version-history":[{"count":1,"href":"https:\/\/contraluzcucuta.co\/index.php?rest_route=\/wp\/v2\/posts\/19362\/revisions"}],"predecessor-version":[{"id":19364,"href":"https:\/\/contraluzcucuta.co\/index.php?rest_route=\/wp\/v2\/posts\/19362\/revisions\/19364"}],"wp:featuredmedia":[{"embeddable":true,"href":"https:\/\/contraluzcucuta.co\/index.php?rest_route=\/wp\/v2\/media\/19363"}],"wp:attachment":[{"href":"https:\/\/contraluzcucuta.co\/index.php?rest_route=%2Fwp%2Fv2%2Fmedia&parent=19362"}],"wp:term":[{"taxonomy":"category","embeddable":true,"href":"https:\/\/contraluzcucuta.co\/index.php?rest_route=%2Fwp%2Fv2%2Fcategories&post=19362"},{"taxonomy":"post_tag","embeddable":true,"href":"https:\/\/contraluzcucuta.co\/index.php?rest_route=%2Fwp%2Fv2%2Ftags&post=19362"}],"curies":[{"name":"wp","href":"https:\/\/api.w.org\/{rel}","templated":true}]}}