{"id":19358,"date":"2013-09-12T20:22:04","date_gmt":"2013-09-13T01:22:04","guid":{"rendered":"http:\/\/contraluzcucuta.co\/?p=19358"},"modified":"2013-09-12T20:23:59","modified_gmt":"2013-09-13T01:23:59","slug":"articulacion-interinstitucional-para-la-restitucion-de-tierras","status":"publish","type":"post","link":"https:\/\/contraluzcucuta.co\/?p=19358","title":{"rendered":"Articulaci\u00f3n interinstitucional para la restituci\u00f3n de tierras"},"content":{"rendered":"<p><b>C\u00daCUTA.-<\/b> Los ministerios del Interior y Justicia y del Derecho, el Consejo Superior de la Judicatura, la Procuradur\u00eda General de la Naci\u00f3n, la\u00a0 Unidad\u00a0 para\u00a0 la\u00a0 Atenci\u00f3n\u00a0 y\u00a0 Reparaci\u00f3n\u00a0 a\u00a0 las\u00a0 V\u00edctimas\u00a0 y\u00a0 la\u00a0 Unidad\u00a0 Administrativa\u00a0 Especial\u00a0 de Gesti\u00f3n\u00a0 de\u00a0 Restituci\u00f3n\u00a0 de\u00a0 Tierras\u00a0 Despojadas adelantan el primer taller \u2018Articulaci\u00f3n interinstitucional para la restituci\u00f3n de tierras\u2019.<\/p>\n<p>La jornada de capacitaci\u00f3n hace parte de la l\u00ednea de acci\u00f3n enfocada al fortalecimiento de los subcomit\u00e9s de restituci\u00f3n de tierras o mesas de restituci\u00f3n de tierras en el pa\u00eds.<\/p>\n<p>El objetivo es fortalecer las capacidades de los subcomit\u00e9s en los departamentos, en desarrollo de los Comit\u00e9s de Justicia Transicional (CJT), creados por la Ley 1448 de 2011 como una instancia de articulaci\u00f3n de la pol\u00edtica de atenci\u00f3n y reparaci\u00f3n integral a las v\u00edctimas.<\/p>\n<p>La actividad contempla los siguientes aspectos:<\/p>\n<p>1.- Capacitaci\u00f3n general sobre justicia transicional<\/p>\n<p>2.- Generalidades de la Ley de V\u00edctimas frente a la restituci\u00f3n de tierras<\/p>\n<p>3.- Responsabilidades de las entidades en la etapa administrativa y judicial del proceso de restituci\u00f3n<\/p>\n<p>4.- Cumplimiento de los fallos y el papel de los entes territoriales<\/p>\n<p>5.- \u00d3rdenes comunes y alcance de las \u00f3rdenes<\/p>\n<p>6.- C\u00f3mo pueden articularse las entidades para el cumplimiento de la ley.<\/p>\n<p>La\u00a0 l\u00ednea\u00a0 de\u00a0 acci\u00f3n, enfocada al fortalecimiento de los subcomit\u00e9s de restituci\u00f3n de tierras es\u00a0 parte\u00a0 del\u00a0 trabajo\u00a0 desarrollado\u00a0 por el\u00a0 Subcomit\u00e9\u00a0 de\u00a0 Restituci\u00f3n Nacional,\u00a0 en el\u00a0 que\u00a0 la Unidad\u00a0 de\u00a0 Restituci\u00f3n\u00a0 Tierras\u00a0 ejerce\u00a0 la\u00a0 Secretar\u00eda\u00a0 T\u00e9cnica.<\/p>\n<p>El trabajo se pone en marcha con capacitaciones en C\u00facuta, Monter\u00eda y Villavicencio, dirigidas a entidades nacionales y territoriales.<\/p>\n<p>Los convocados a la actividad son la Superintendencia de Notariado y Registro, Registradur\u00eda Nacional del Estado Civil, Fiscal\u00eda General de la Naci\u00f3n, Incoder, Igac, entidades municipales y departamentales, Procuradur\u00eda General de la Naci\u00f3n, Defensor\u00eda del Pueblo, Ministerio P\u00fablico, ICBF, defensores de familia, Fuerza P\u00fablica, Sena, Departamento para la Prosperidad Social, Corporaciones Aut\u00f3nomas Regionales, Banco Agrario, secretar\u00edas departamentales de Salud, Educaci\u00f3n, Agricultura y Gobierno, Consejos seccionales de la judicatura, Unidad de Atenci\u00f3n y Reparaci\u00f3n Integral a las V\u00edctimas, Unidad de Restituci\u00f3n de Tierras y alcaldes de zonas microfocalizadas.<\/p>\n<p>La actividad busca la construcci\u00f3n del marco com\u00fan de acci\u00f3n interinstitucional y de ajustes en cada entidad para propiciar un mejor trabajo conjunto.<\/p>\n<p>La capacitaci\u00f3n comprende asuntos t\u00e1cticos y operativos para coordinar las acciones de las entidades que conforman el Sistema Nacional de Atenci\u00f3n y Reparaci\u00f3n Integral a las V\u00edctimas (SNARIV), compuesto por 52 entidades p\u00fablicas nacionales y territoriales, encargadas de formular y ejecutar planes, programas, proyectos y acciones espec\u00edficas para garantizar la atenci\u00f3n, asistencia y reparaci\u00f3n integral a las v\u00edctimas.<\/p>\n<p>&nbsp; <\/p>\n","protected":false},"excerpt":{"rendered":"<p>C\u00daCUTA.- Los ministerios del Interior y Justicia y del Derecho, el Consejo Superior de la Judicatura, la Procuradur\u00eda General de la Naci\u00f3n, la\u00a0 Unidad\u00a0 para\u00a0 la\u00a0 Atenci\u00f3n\u00a0 y\u00a0 Reparaci\u00f3n\u00a0 a\u00a0 las\u00a0 V\u00edctimas\u00a0 y\u00a0 la\u00a0 Unidad\u00a0 Administrativa\u00a0 Especial\u00a0 de Gesti\u00f3n\u00a0 de\u00a0 Restituci\u00f3n\u00a0 de\u00a0 Tierras\u00a0 Despojadas adelantan el primer taller \u2018Articulaci\u00f3n interinstitucional para la restituci\u00f3n de tierras\u2019. &hellip;<\/p>\n","protected":false},"author":1,"featured_media":19359,"comment_status":"open","ping_status":"open","sticky":false,"template":"","format":"standard","meta":{"footnotes":""},"categories":[4,5],"tags":[750],"class_list":["post-19358","post","type-post","status-publish","format-standard","has-post-thumbnail","hentry","category-barra","category-justicia-transicional","tag-unidad-de-restitucion-de-tierras"],"_links":{"self":[{"href":"https:\/\/contraluzcucuta.co\/index.php?rest_route=\/wp\/v2\/posts\/19358","targetHints":{"allow":["GET"]}}],"collection":[{"href":"https:\/\/contraluzcucuta.co\/index.php?rest_route=\/wp\/v2\/posts"}],"about":[{"href":"https:\/\/contraluzcucuta.co\/index.php?rest_route=\/wp\/v2\/types\/post"}],"author":[{"embeddable":true,"href":"https:\/\/contraluzcucuta.co\/index.php?rest_route=\/wp\/v2\/users\/1"}],"replies":[{"embeddable":true,"href":"https:\/\/contraluzcucuta.co\/index.php?rest_route=%2Fwp%2Fv2%2Fcomments&post=19358"}],"version-history":[{"count":2,"href":"https:\/\/contraluzcucuta.co\/index.php?rest_route=\/wp\/v2\/posts\/19358\/revisions"}],"predecessor-version":[{"id":19361,"href":"https:\/\/contraluzcucuta.co\/index.php?rest_route=\/wp\/v2\/posts\/19358\/revisions\/19361"}],"wp:featuredmedia":[{"embeddable":true,"href":"https:\/\/contraluzcucuta.co\/index.php?rest_route=\/wp\/v2\/media\/19359"}],"wp:attachment":[{"href":"https:\/\/contraluzcucuta.co\/index.php?rest_route=%2Fwp%2Fv2%2Fmedia&parent=19358"}],"wp:term":[{"taxonomy":"category","embeddable":true,"href":"https:\/\/contraluzcucuta.co\/index.php?rest_route=%2Fwp%2Fv2%2Fcategories&post=19358"},{"taxonomy":"post_tag","embeddable":true,"href":"https:\/\/contraluzcucuta.co\/index.php?rest_route=%2Fwp%2Fv2%2Ftags&post=19358"}],"curies":[{"name":"wp","href":"https:\/\/api.w.org\/{rel}","templated":true}]}}