{"id":19355,"date":"2013-09-12T20:18:34","date_gmt":"2013-09-13T01:18:34","guid":{"rendered":"http:\/\/contraluzcucuta.co\/?p=19355"},"modified":"2013-09-12T20:18:34","modified_gmt":"2013-09-13T01:18:34","slug":"continua-recuperacion-del-espacio-publico-en-el-centro-de-cucuta","status":"publish","type":"post","link":"https:\/\/contraluzcucuta.co\/?p=19355","title":{"rendered":"Contin\u00faa recuperaci\u00f3n del espacio p\u00fablico en el centro de C\u00facuta"},"content":{"rendered":"<p><b>C\u00daCUTA.-<\/b> Los operativos para la recuperaci\u00f3n del espacio p\u00fablico se trasladaron a la avenida 5 entre calles 16 y 17 del centro de C\u00facuta, y los alrededores de la Cl\u00ednica San Jos\u00e9. Las tareas est\u00e1n a cargo de la Secretar\u00eda de Gobierno y Convivencia Ciudadana.<\/p>\n<p>Para David Francisco Castillo Calder\u00f3n, titular del despacho de Gobierno \u201c<\/p>\n<p>La idea es que con los operativos los ciudadanos entiendan que deben respetar y cumplir las normas m\u00ednimas de convivencia ciudadana para forjar e imaginar una ciudad llena de valores.<\/p>\n<p>Las actividades hacen referencia al plan de trabajar por la recuperaci\u00f3n de los espacios p\u00fablicos del municipio. La propuesta est\u00e1 contenida en el Plan de Desarrollo de C\u00facuta.<\/p>\n<p>En los operativos participaron agentes de la Polic\u00eda, inspectores de espacio p\u00fablico, braceros y funcionarios de la administraci\u00f3n local. Se incautaron de avisos, letreros, llantas y elementos que impiden el paso peatonal. \u00a0Los vendedores ambulantes que ocupaban las calles en los sectores intervenidos fueron reubicados y trasladados.<\/p>\n<p>La Secretar\u00eda de Gobierno y Convivencia Ciudadana desplegar\u00e1 los controles en las comunas de la capital nortesantandereana, para ratificar el compromiso de cumplir las normas que permitan tener un espacio p\u00fablico despejado y una fluida circulaci\u00f3n peatonal.<\/p>\n<p><b>Protecci\u00f3n al consumidor<\/b><\/p>\n<p>La Alcald\u00eda de C\u00facuta y la Liga Nacional de Protecci\u00f3n al Consumidor firmar\u00e1n un acuerdo interadministrativo que busca la pronta soluci\u00f3n de los reclamos y recomendaciones de la ciudadan\u00eda. De esa manera se integran los sectores sociales y econ\u00f3micos de la ciudad.<\/p>\n<p>Se busca que las quejas y sugerencias de los ciudadanos sobre garant\u00edas, productos o enga\u00f1o en algunas ofertas surtan efecto y se sancionen a los que cometen estos actos en contra de los consumidores.<\/p>\n<p>Las reuniones se desarrollar\u00e1n cada dos meses con el objetivo de avanzar en lo relacionado con la protecci\u00f3n al consumidor. Apoyan la iniciativa las secretar\u00edas de Educaci\u00f3n, Salud, Vivienda, Hacienda y Gobierno del municipio, y los gremios regionales, para que las ligas y las entidades que trabajan en pro del consumidor tengan autoridad para decidir c\u00f3mo actuar y qu\u00e9 proceso seguir frente a un reclamo.<\/p>\n<p>&nbsp; <\/p>\n","protected":false},"excerpt":{"rendered":"<p>C\u00daCUTA.- Los operativos para la recuperaci\u00f3n del espacio p\u00fablico se trasladaron a la avenida 5 entre calles 16 y 17 del centro de C\u00facuta, y los alrededores de la Cl\u00ednica San Jos\u00e9. Las tareas est\u00e1n a cargo de la Secretar\u00eda de Gobierno y Convivencia Ciudadana. Para David Francisco Castillo Calder\u00f3n, titular del despacho de Gobierno &hellip;<\/p>\n","protected":false},"author":1,"featured_media":19356,"comment_status":"open","ping_status":"open","sticky":false,"template":"","format":"standard","meta":{"footnotes":""},"categories":[541,4],"tags":[],"class_list":["post-19355","post","type-post","status-publish","format-standard","has-post-thumbnail","hentry","category-ciudad","category-barra"],"_links":{"self":[{"href":"https:\/\/contraluzcucuta.co\/index.php?rest_route=\/wp\/v2\/posts\/19355","targetHints":{"allow":["GET"]}}],"collection":[{"href":"https:\/\/contraluzcucuta.co\/index.php?rest_route=\/wp\/v2\/posts"}],"about":[{"href":"https:\/\/contraluzcucuta.co\/index.php?rest_route=\/wp\/v2\/types\/post"}],"author":[{"embeddable":true,"href":"https:\/\/contraluzcucuta.co\/index.php?rest_route=\/wp\/v2\/users\/1"}],"replies":[{"embeddable":true,"href":"https:\/\/contraluzcucuta.co\/index.php?rest_route=%2Fwp%2Fv2%2Fcomments&post=19355"}],"version-history":[{"count":1,"href":"https:\/\/contraluzcucuta.co\/index.php?rest_route=\/wp\/v2\/posts\/19355\/revisions"}],"predecessor-version":[{"id":19357,"href":"https:\/\/contraluzcucuta.co\/index.php?rest_route=\/wp\/v2\/posts\/19355\/revisions\/19357"}],"wp:featuredmedia":[{"embeddable":true,"href":"https:\/\/contraluzcucuta.co\/index.php?rest_route=\/wp\/v2\/media\/19356"}],"wp:attachment":[{"href":"https:\/\/contraluzcucuta.co\/index.php?rest_route=%2Fwp%2Fv2%2Fmedia&parent=19355"}],"wp:term":[{"taxonomy":"category","embeddable":true,"href":"https:\/\/contraluzcucuta.co\/index.php?rest_route=%2Fwp%2Fv2%2Fcategories&post=19355"},{"taxonomy":"post_tag","embeddable":true,"href":"https:\/\/contraluzcucuta.co\/index.php?rest_route=%2Fwp%2Fv2%2Ftags&post=19355"}],"curies":[{"name":"wp","href":"https:\/\/api.w.org\/{rel}","templated":true}]}}