{"id":19347,"date":"2013-09-08T12:02:18","date_gmt":"2013-09-08T17:02:18","guid":{"rendered":"http:\/\/contraluzcucuta.co\/?p=19347"},"modified":"2013-09-08T12:02:18","modified_gmt":"2013-09-08T17:02:18","slug":"monsenor-vidal-ortiz-no-podemos-claudicar-ante-la-violencia","status":"publish","type":"post","link":"https:\/\/contraluzcucuta.co\/?p=19347","title":{"rendered":"Monse\u00f1or Vidal Ortiz. \u201cNo podemos claudicar ante la violencia\u201d"},"content":{"rendered":"<p><b>C\u00daCUTA.-<\/b> Los 50 a\u00f1os de guerra y de confrontaci\u00f3n armada que ha vivido Colombia solo han tra\u00eddo muerte, llanto, desolaci\u00f3n y retraso para el pa\u00eds, dijo el obispo de C\u00facuta, monse\u00f1or Julio C\u00e9sar Viudal Ortiz, al presentar la Semana por la Paz, que comenz\u00f3 este 8 de septiembre.<\/p>\n<p>El prelado reconoci\u00f3 que la paz no va a llegar con la dejaci\u00f3n de las armas por parte de la guerrilla de las Farc, ni cuando cesen las ametralladoras. \u201cPero s\u00ed se va a crear un ambiente positivo para que los guerrilleros participen en la vida del pa\u00eds, aporten lo mejor de s\u00ed en b\u00fasqueda de una Colombia justa, equitativa, solidaria, es decir, en paz\u201d.<\/p>\n<p>La Semana por la Paz servir\u00e1 para que los colombianos nunca pierdan la memoria y la conciencia de que la paz es un don de Dios, y al mismo tiempo una conquista del hombre. \u201cNo puede haber ninguna persona de buena voluntad y mucho menos ning\u00fan cristiano cat\u00f3lico que no se comprometa a buscar la paz\u201d.<\/p>\n<p>La paz debe buscarse en el interior de la vida, alrededor de donde vive, en la familia, en el lugar de trabajo, en el lugar de diversi\u00f3n, en las instituciones educativas, en el municipio y en la naci\u00f3n. \u201cLa paz es algo esencial para la vida del hombre\u201d.<\/p>\n<p>Monse\u00f1or Vidal Ortiz record\u00f3 que en Colombia se viven unos acontecimientos que son fundamentales para conseguir la paz del pa\u00eds. Uno de esos cap\u00edtulos es el di\u00e1logo, en La Habana, con las Farc, para hacer que el conflicto armado cese.<\/p>\n<p>\u201cEsto no garantiza la paz, garantiza la dejaci\u00f3n del conflicto armado. La paz es mucho m\u00e1s. Nos compromete a todos y exige trasformaciones con justicia, equidad, bienes b\u00e1sicos para vivir con dignidad\u201d, expres\u00f3 el obispo de C\u00facuta.<\/p>\n<p>Invit\u00f3 a los integrantes del Eln para que den el paso de dejaci\u00f3n de armas. \u201cQueremos invitarlos para que de manera inteligente y bondadosa se vinculen a la democracia cristiana, aporten lo mucho que tienen en el campo de las ideas y del trabajo por la paz\u201d.<\/p>\n<p>En la semana por la paz se trabajar\u00e1n tres prop\u00f3sitos concretos:<\/p>\n<p>1.- Violencia contra la vida. Hay un creciente irrespeto por la vida.<\/p>\n<p>2.- Violencia contra la mujer.<\/p>\n<p>3.- Violencia contra la maternidad<\/p>\n<p>&nbsp; <\/p>\n","protected":false},"excerpt":{"rendered":"<p>C\u00daCUTA.- Los 50 a\u00f1os de guerra y de confrontaci\u00f3n armada que ha vivido Colombia solo han tra\u00eddo muerte, llanto, desolaci\u00f3n y retraso para el pa\u00eds, dijo el obispo de C\u00facuta, monse\u00f1or Julio C\u00e9sar Viudal Ortiz, al presentar la Semana por la Paz, que comenz\u00f3 este 8 de septiembre. El prelado reconoci\u00f3 que la paz no &hellip;<\/p>\n","protected":false},"author":1,"featured_media":19348,"comment_status":"open","ping_status":"open","sticky":false,"template":"","format":"standard","meta":{"footnotes":""},"categories":[4,5],"tags":[191,119],"class_list":["post-19347","post","type-post","status-publish","format-standard","has-post-thumbnail","hentry","category-barra","category-justicia-transicional","tag-monsenor-julio-cesar-vidal","tag-semana-por-la-paz"],"_links":{"self":[{"href":"https:\/\/contraluzcucuta.co\/index.php?rest_route=\/wp\/v2\/posts\/19347","targetHints":{"allow":["GET"]}}],"collection":[{"href":"https:\/\/contraluzcucuta.co\/index.php?rest_route=\/wp\/v2\/posts"}],"about":[{"href":"https:\/\/contraluzcucuta.co\/index.php?rest_route=\/wp\/v2\/types\/post"}],"author":[{"embeddable":true,"href":"https:\/\/contraluzcucuta.co\/index.php?rest_route=\/wp\/v2\/users\/1"}],"replies":[{"embeddable":true,"href":"https:\/\/contraluzcucuta.co\/index.php?rest_route=%2Fwp%2Fv2%2Fcomments&post=19347"}],"version-history":[{"count":1,"href":"https:\/\/contraluzcucuta.co\/index.php?rest_route=\/wp\/v2\/posts\/19347\/revisions"}],"predecessor-version":[{"id":19349,"href":"https:\/\/contraluzcucuta.co\/index.php?rest_route=\/wp\/v2\/posts\/19347\/revisions\/19349"}],"wp:featuredmedia":[{"embeddable":true,"href":"https:\/\/contraluzcucuta.co\/index.php?rest_route=\/wp\/v2\/media\/19348"}],"wp:attachment":[{"href":"https:\/\/contraluzcucuta.co\/index.php?rest_route=%2Fwp%2Fv2%2Fmedia&parent=19347"}],"wp:term":[{"taxonomy":"category","embeddable":true,"href":"https:\/\/contraluzcucuta.co\/index.php?rest_route=%2Fwp%2Fv2%2Fcategories&post=19347"},{"taxonomy":"post_tag","embeddable":true,"href":"https:\/\/contraluzcucuta.co\/index.php?rest_route=%2Fwp%2Fv2%2Ftags&post=19347"}],"curies":[{"name":"wp","href":"https:\/\/api.w.org\/{rel}","templated":true}]}}