{"id":19342,"date":"2013-09-08T11:53:06","date_gmt":"2013-09-08T16:53:06","guid":{"rendered":"http:\/\/contraluzcucuta.co\/?p=19342"},"modified":"2013-09-12T20:34:25","modified_gmt":"2013-09-13T01:34:25","slug":"alejandro-canal-la-violencia-homicida-en-la-fronteriza-ciudad-de-cucuta","status":"publish","type":"post","link":"https:\/\/contraluzcucuta.co\/?p=19342","title":{"rendered":"Alejandro Canal. \u2018La violencia homicida en la fronteriza ciudad de C\u00facuta\u2019"},"content":{"rendered":"<p><b>C\u00daCUTA.-<\/b> La novena Fiesta del Libro de C\u00facuta sirvi\u00f3 para la presentaci\u00f3n de buen n\u00famero de obras de autores nortesantandereanos sobre diversos temas. Entre los\u00a0 llamados a mostrar el trabajo literario est\u00e1 Alejandro Canal Lindarte que ofreci\u00f3 a los visitantes \u2018La violencia homicida en la fronteriza ciudad de C\u00facuta\u2019.<\/p>\n<p>La investigaci\u00f3n, acerca de los comportamientos homicidas en la capital e Norte de Santander, dur\u00f3 dos a\u00f1os y cont\u00f3 con respaldo de la Universidad de Pamplona.<\/p>\n<p><b>\u00bfC\u00f3mo naci\u00f3 la idea del libro?<\/b><\/p>\n<p>El libro es el producto de una investigaci\u00f3n como requisito indispensable para optar por el grado de magister en paz, resoluci\u00f3n de conflictos y desarrollo. Con esa obligaci\u00f3n empezamos a buscar un tema que cruzara las disciplinas del proceso. Como arquitecto, estudiante de una maestr\u00eda en sociolog\u00eda urbana, con un grupo de amigos tutores eruditos en el tema llegamos a la conclusi\u00f3n que podr\u00eda ser un buen aporte buscar las causas de la violencia homicida en C\u00facuta, que genera \u00edndices altos, y qu\u00e9 consecuencias tiene en el desarrollo de la ciudad en el contexto nacional.<\/p>\n<p><b>Este an\u00e1lisis llega a una conclusi\u00f3n, a un punto espec\u00edfico. \u00bfC\u00f3mo est\u00e1 C\u00facuta en materia de violencia?<\/b><\/p>\n<p>Infortunadamente, sigue siendo una ciudad con altos \u00edndices de violencia homicida que inciden directamente en la b\u00fasqueda del desarrollo en la productividad industrial, en la ampliaci\u00f3n de la cobertura de las ofertas tur\u00edsticas, en el desarrollo de la institucionalidad, en el posicionamiento en el concierto internacional. Tenemos que buscar la manera de aplicar unas estrategias que nos permitan tener una ciudad con un nivel de paz acorde con las necesidades nuestras.<\/p>\n<p><b>\u00bfCu\u00e1l es la g\u00e9nesis de la violencia que nos ha dado el deshonroso octavo lugar en el mundo?<\/b><\/p>\n<p>Despu\u00e9s de esculcar en los resultados de la investigaci\u00f3n llegamos a la conclusi\u00f3n que es un fen\u00f3meno ex\u00f3geno al tejido social. La violencia no es nuestra, es importada, ejercida y aplicada sobre for\u00e1neos en nuestro territorio. Incide en los \u00edndices de nuestro territorio y nos afecta, pero se hace por extra\u00f1os contra extra\u00f1os. V\u00edctimas y victimarios no son de aqu\u00ed.<\/p>\n<p><b>\u00bfEl conflicto armado incide en esa violencia?<\/b><\/p>\n<p>Indiscutiblemente. El conflicto armado en este pa\u00eds ha generado una cultura de trasformaci\u00f3n negativa del conflicto hacia la violencia. El pode \u00a0de las armas da pie para que las organizaciones ilegales contin\u00faen \u00a0lucr\u00e1ndose de negocios rentables que requieren del homicidio como metodolog\u00eda de subsistencia.<\/p>\n<p><b>\u00bfLa investigaci\u00f3n lleva a la soluci\u00f3n sobre c\u00f3mo podemos despojarnos de la violencia que no es nuestra?<\/b><\/p>\n<p>Una investigaci\u00f3n que no proponga, es una investigaci\u00f3n coja. El final de la propuesta contiene una terapia. Una terapia contiene dos caminos; uno, el arraigo que debemos inculcar en las nuevas generaciones para respetar el derecho de los dem\u00e1s, a cumplir la ley, a estar dentro de la norma, a dejar la trocha y el camino f\u00e1cil para construir sociedad. Segunda, acabar con la improvisaci\u00f3n, que es generadora de caos. Eso se combate con planificaci\u00f3n. Hay que buscar la manera de ser ordenados, de plantear sue\u00f1os y cumplirlos.<\/p>\n<p><b>\u00bfLa violencia est\u00e1 estratificada?<\/b><\/p>\n<p>Se aplica en zonas donde el caos generado por la improvisaci\u00f3n permite o facilita que haya violencia. Los victimarios buscan espacios donde la informalidad ayuda a cometer las acciones contra las v\u00edctimas. Eso se ve en la periferia, en los cordones de miseria que son producto de la improvisaci\u00f3n y del crecimiento desordenado de la ciudad.<\/p>\n<p><b>\u00bfPor qu\u00e9 el nombre del libro, \u2018La violencia homicida en la fronteriza ciudad de C\u00facuta\u2019?<\/b><\/p>\n<p>La investigaci\u00f3n se enfoca hacia el problema que genera ese fen\u00f3meno de violencia. Eso llama la atenci\u00f3n. Adem\u00e1s, es una moda hablar de violencia y de conflicto, de paz y de desarrollo, es una manera de llamar la atenci\u00f3n para que la\u00a0 gente centre sus esfuerzos en mejorar los altos niveles de violencia.<\/p>\n<p><b>\u00bfCu\u00e1nto tiempo dur\u00f3 la investigaci\u00f3n?<\/b><\/p>\n<p>Dos a\u00f1os y se investiga la base del proceso de v\u00edctimas y victimarios de la anterior d\u00e9cada.<\/p>\n<p>&nbsp; <\/p>\n","protected":false},"excerpt":{"rendered":"<p>C\u00daCUTA.- La novena Fiesta del Libro de C\u00facuta sirvi\u00f3 para la presentaci\u00f3n de buen n\u00famero de obras de autores nortesantandereanos sobre diversos temas. Entre los\u00a0 llamados a mostrar el trabajo literario est\u00e1 Alejandro Canal Lindarte que ofreci\u00f3 a los visitantes \u2018La violencia homicida en la fronteriza ciudad de C\u00facuta\u2019. La investigaci\u00f3n, acerca de los comportamientos &hellip;<\/p>\n","protected":false},"author":1,"featured_media":19343,"comment_status":"open","ping_status":"open","sticky":false,"template":"","format":"standard","meta":{"footnotes":""},"categories":[45,37],"tags":[892],"class_list":["post-19342","post","type-post","status-publish","format-standard","has-post-thumbnail","hentry","category-destacado","category-paseo-cultural","tag-alejandro-canal-lindarte"],"_links":{"self":[{"href":"https:\/\/contraluzcucuta.co\/index.php?rest_route=\/wp\/v2\/posts\/19342","targetHints":{"allow":["GET"]}}],"collection":[{"href":"https:\/\/contraluzcucuta.co\/index.php?rest_route=\/wp\/v2\/posts"}],"about":[{"href":"https:\/\/contraluzcucuta.co\/index.php?rest_route=\/wp\/v2\/types\/post"}],"author":[{"embeddable":true,"href":"https:\/\/contraluzcucuta.co\/index.php?rest_route=\/wp\/v2\/users\/1"}],"replies":[{"embeddable":true,"href":"https:\/\/contraluzcucuta.co\/index.php?rest_route=%2Fwp%2Fv2%2Fcomments&post=19342"}],"version-history":[{"count":2,"href":"https:\/\/contraluzcucuta.co\/index.php?rest_route=\/wp\/v2\/posts\/19342\/revisions"}],"predecessor-version":[{"id":19368,"href":"https:\/\/contraluzcucuta.co\/index.php?rest_route=\/wp\/v2\/posts\/19342\/revisions\/19368"}],"wp:featuredmedia":[{"embeddable":true,"href":"https:\/\/contraluzcucuta.co\/index.php?rest_route=\/wp\/v2\/media\/19343"}],"wp:attachment":[{"href":"https:\/\/contraluzcucuta.co\/index.php?rest_route=%2Fwp%2Fv2%2Fmedia&parent=19342"}],"wp:term":[{"taxonomy":"category","embeddable":true,"href":"https:\/\/contraluzcucuta.co\/index.php?rest_route=%2Fwp%2Fv2%2Fcategories&post=19342"},{"taxonomy":"post_tag","embeddable":true,"href":"https:\/\/contraluzcucuta.co\/index.php?rest_route=%2Fwp%2Fv2%2Ftags&post=19342"}],"curies":[{"name":"wp","href":"https:\/\/api.w.org\/{rel}","templated":true}]}}