{"id":19339,"date":"2013-09-08T11:48:32","date_gmt":"2013-09-08T16:48:32","guid":{"rendered":"http:\/\/contraluzcucuta.co\/?p=19339"},"modified":"2013-09-08T11:48:32","modified_gmt":"2013-09-08T16:48:32","slug":"ernesto-samper-el-catatumbo-ha-sido-una-region-abandonada-por-el-estado","status":"publish","type":"post","link":"https:\/\/contraluzcucuta.co\/?p=19339","title":{"rendered":"Ernesto Samper. \u201cEl Catatumbo ha sido una regi\u00f3n abandonada por el Estado\u201d"},"content":{"rendered":"<p><b>C\u00daCUTA.-<\/b> \u201cEl Catatumbo ha sido una regi\u00f3n tradicionalmente abandonada por el estado\u201d, reconoci\u00f3 en C\u00facuta el expresidente Ernesto Samper Pizano (1994-1998). Esa zona \u201cha sido v\u00edctima de todos los conflictos armados que han pasado por el pa\u00eds\u201d.<\/p>\n<p>El exgobernante pas\u00f3 por la ciudad y les ech\u00f3 un vistazo a las mesas de negociaci\u00f3n que se adelantan para El Catatumbo, ver c\u00f3mo evolucionan los acuerdos entre Gobierno y campesinos para buscarle la salida efectiva a la crisis.<\/p>\n<p>Uno de los puntos fundamentales de los di\u00e1logos entre los voceros de los labriegos y el Gobierno es el reconocimiento de las zonas de reserva. Este aspecto ha permitido el tire y afloje entre las partes. \u201cEs indispensable que se piense en la zona de reserva campesina\u201d, dijo Samper.<\/p>\n<p>Explic\u00f3 que esos espacios no son solo para sacar a la fuerza p\u00fablica del \u00e1rea de conflicto \u201csino para que la fuerza p\u00fablica proteja a los campesinos, para que se puedan hacer procesos de restituci\u00f3n de tierras sin que maten a los l\u00edderes\u201d.<\/p>\n<p>Las zonas facilitar\u00e1n la presencia del Estado, habr\u00e1 un hospital en Tib\u00fa y una v\u00eda para que salgan los productos agr\u00edcolas hacia C\u00facuta. \u201cNo hay que satanizar las zonas de reserva. No son caguanes; al contrario, son zonas para proteger a los campesinos y para darles condiciones de desarrollo\u201d, se\u00f1al\u00f3 el expresidente.<\/p>\n<p>Complement\u00f3 que la presencia del Estado no puede limitarse a la presencia persuasiva de las armas. Tiene que ir acompa\u00f1ada de la presencia social, econ\u00f3mica y productiva.<\/p>\n<p>\u201cHoy, m\u00e1s que nunca, se justifican las zonas de reserva campesina, que se crearon para encontrar mecanismos de consolidaci\u00f3n y de protecci\u00f3n de poblaciones que viv\u00edan en zonas abandonadas por el Estado y en las cuales hab\u00eda florecido la violencia. Por eso no es un hecho fortuito que las diez zonas de reserva campesina que existen se hayan desarrollado en sitios en los cuales hab\u00eda dos caracter\u00edsticas: primero, que no hay una presencia del institucional y segundo que ha florecido la violencia\u201d.<\/p>\n<p>En torno a las negociaciones Gobierno-campesinos afirm\u00f3 que el hecho de que cada d\u00eda progresen y que haya un excelente nivel de confianza entre los miembros de\u00a0 mesa da una buena idea de que el camino que este pa\u00eds requiere frente a las confrontaciones de los paros agrarios es la conciliaci\u00f3n.<\/p>\n<p>Habl\u00f3 de la erradicaci\u00f3n de cultivos il\u00edcitos. \u201cHasta donde entiendo hay un compromiso presidencial de que no habr\u00e1 erradicaci\u00f3n forzosa. Uno no puede llegar, arrancar las matas y dejar a los campesinos \u2018sembrados\u2019\u201d.<\/p>\n<p>De lo que se trata es que haya un proceso gradual de sustituci\u00f3n de cultivos, lo que significa que no se puede pensar de la noche a la ma\u00f1ana que la gente puede salir de un cultivo y entrar a otro. \u201cEs despacio para que se pueda hacer la financiaci\u00f3n y no se trata de cambiar matas de coca por matas de pl\u00e1tano o matas de palma. Se trata es de que toda la zona tenga apoyo en materia de infraestructura y desarrollo social\u201d.<\/p>\n<p>La obligaci\u00f3n del Gobierno es darles a los campesinos las mismas condiciones y las mismas gabelas que tienen otros campesinos afuera para competir. \u201cQue tengan v\u00edas, semillas, cr\u00e9ditos, la posibilidad de mover las cosechas y subsidios\u201d.<\/p>\n<p>&nbsp; <\/p>\n","protected":false},"excerpt":{"rendered":"<p>C\u00daCUTA.- \u201cEl Catatumbo ha sido una regi\u00f3n tradicionalmente abandonada por el estado\u201d, reconoci\u00f3 en C\u00facuta el expresidente Ernesto Samper Pizano (1994-1998). Esa zona \u201cha sido v\u00edctima de todos los conflictos armados que han pasado por el pa\u00eds\u201d. El exgobernante pas\u00f3 por la ciudad y les ech\u00f3 un vistazo a las mesas de negociaci\u00f3n que se &hellip;<\/p>\n","protected":false},"author":1,"featured_media":19340,"comment_status":"open","ping_status":"open","sticky":false,"template":"","format":"standard","meta":{"footnotes":""},"categories":[4,9],"tags":[246,891],"class_list":["post-19339","post","type-post","status-publish","format-standard","has-post-thumbnail","hentry","category-barra","category-politica","tag-el-catatumbo","tag-ernesto-samper-pizano"],"_links":{"self":[{"href":"https:\/\/contraluzcucuta.co\/index.php?rest_route=\/wp\/v2\/posts\/19339","targetHints":{"allow":["GET"]}}],"collection":[{"href":"https:\/\/contraluzcucuta.co\/index.php?rest_route=\/wp\/v2\/posts"}],"about":[{"href":"https:\/\/contraluzcucuta.co\/index.php?rest_route=\/wp\/v2\/types\/post"}],"author":[{"embeddable":true,"href":"https:\/\/contraluzcucuta.co\/index.php?rest_route=\/wp\/v2\/users\/1"}],"replies":[{"embeddable":true,"href":"https:\/\/contraluzcucuta.co\/index.php?rest_route=%2Fwp%2Fv2%2Fcomments&post=19339"}],"version-history":[{"count":1,"href":"https:\/\/contraluzcucuta.co\/index.php?rest_route=\/wp\/v2\/posts\/19339\/revisions"}],"predecessor-version":[{"id":19341,"href":"https:\/\/contraluzcucuta.co\/index.php?rest_route=\/wp\/v2\/posts\/19339\/revisions\/19341"}],"wp:featuredmedia":[{"embeddable":true,"href":"https:\/\/contraluzcucuta.co\/index.php?rest_route=\/wp\/v2\/media\/19340"}],"wp:attachment":[{"href":"https:\/\/contraluzcucuta.co\/index.php?rest_route=%2Fwp%2Fv2%2Fmedia&parent=19339"}],"wp:term":[{"taxonomy":"category","embeddable":true,"href":"https:\/\/contraluzcucuta.co\/index.php?rest_route=%2Fwp%2Fv2%2Fcategories&post=19339"},{"taxonomy":"post_tag","embeddable":true,"href":"https:\/\/contraluzcucuta.co\/index.php?rest_route=%2Fwp%2Fv2%2Ftags&post=19339"}],"curies":[{"name":"wp","href":"https:\/\/api.w.org\/{rel}","templated":true}]}}