{"id":19333,"date":"2013-09-07T16:10:30","date_gmt":"2013-09-07T21:10:30","guid":{"rendered":"http:\/\/contraluzcucuta.co\/?p=19333"},"modified":"2013-09-07T16:10:30","modified_gmt":"2013-09-07T21:10:30","slug":"cucuta-tricolor","status":"publish","type":"post","link":"https:\/\/contraluzcucuta.co\/?p=19333","title":{"rendered":"C\u00facuta tricolor"},"content":{"rendered":"<p><strong>C\u00daCUTA.-<\/strong> En medio de la dificultad social que vive el pa\u00eds se vislumbra una luz de esperanza. No se pretende dejar a un lado la realidad nacional o huir, solo se quiere respirar en medio del vaho.<\/p>\n<p>Una ilusi\u00f3n, un sue\u00f1o, un anhelo que hace m\u00e1s de 16 a\u00f1os se han hecho esquivos, hoy est\u00e1n m\u00e1s cerca que nunca. El f\u00fatbol de la selecci\u00f3n Colombia se encarg\u00f3 de unir a cientos de cucute\u00f1os en El Malec\u00f3n. El espacio familiar por excelencia de la ciudad se convirti\u00f3 en el punto de encuentro de la enorme mancha amarilla que de a poco se tom\u00f3 esta v\u00eda de la capital norte santandereana.<\/p>\n<p>Hombre, mujeres, ni\u00f1os, ancianos, todos juntos en torno a la causa de apoyar al combinado patrio, que afrontar\u00eda uno de los partidos m\u00e1s importantes en los \u00faltimos tiempos. El encuentro crucial que no daba margen al error, pues al ganar se aseguraba la clasificaci\u00f3n al Mundial de f\u00fatbol que se disputar\u00e1 en Brasil.<\/p>\n<p>Sin importar la inclemencia del clima y el horario del partido, el n\u00famero de aficionados que se acerc\u00f3 con camisetas, gorras, banderas y otros distintivos aument\u00f3 con el pasar del tiempo. Las cornetas, los pitos y los gritos, acompa\u00f1ados de aplausos de los m\u00e1s de 10.000 hinchas congregados en este lugar, daban la impresi\u00f3n de estar en una de las tribunas del estadio Metropolitano, de Barranquilla.<\/p>\n<p>El partido inici\u00f3 y las ilusiones de millones de colombianos se echaron a volar. Esperaban la victoria para sentirse cerca a Brasil. Los minutos pasaron y Colombia se acercaba al objetivo. La entrega y el sacrificio los jugadores robaban aplausos y gritos de aliento.<\/p>\n<p>Hasta que lleg\u00f3 el momento esperado por los miles de aficionados. Las gargantas explotaron al un\u00edsono y a una sola voz se escuch\u00f3 la frase que eriza la piel, que llena de orgullo y colma de satisfacci\u00f3n y alegr\u00eda. \u00a1Gooooollll! \u00a0El cucute\u00f1o James Rodr\u00edguez abri\u00f3 el marcador el j\u00fabilo de sus paisanos.<\/p>\n<p>La fiesta que se viv\u00eda en C\u00facuta, en El Malec\u00f3n, era diga de un carnaval. La alegr\u00eda irradiaba. Los abrazos y los saltos llegaron con el correr de los minutos. El pitido final marc\u00f3 el comienzo de la fiesta, de una fiesta que se extendi\u00f3 hasta la madrugada.<\/p>\n<p>Resta solo un punto de los nueve en disputa para asegurar la asistencia al mundial. El martes, la cita ser\u00e1 en Montevideo. Los muchachos visitar\u00e1n a la siempre dif\u00edcil selecci\u00f3n charr\u00faa en otro cl\u00e1sico de la jornada de eliminatorias.<\/p>\n<p>Seguro, en ese partido se concretar\u00e1 la clasificaci\u00f3n, y de nuevo la fiesta se vivir\u00e1 en El Malec\u00f3n el sitio de concentraci\u00f3n de los cucute\u00f1os.<\/p>\n<p><b>ELIBARDO LE\u00d3N EST\u00c9VEZ<\/b><\/p>\n<p><b><a href=\"mailto:eleones89@hoitmail.com\">eleones89@hoitmail.com<\/a><\/b><\/p>\n<p><b>\u00a0<\/b> <\/p>\n","protected":false},"excerpt":{"rendered":"<p>C\u00daCUTA.- En medio de la dificultad social que vive el pa\u00eds se vislumbra una luz de esperanza. No se pretende dejar a un lado la realidad nacional o huir, solo se quiere respirar en medio del vaho. Una ilusi\u00f3n, un sue\u00f1o, un anhelo que hace m\u00e1s de 16 a\u00f1os se han hecho esquivos, hoy est\u00e1n &hellip;<\/p>\n","protected":false},"author":1,"featured_media":19335,"comment_status":"open","ping_status":"open","sticky":false,"template":"","format":"standard","meta":{"footnotes":""},"categories":[28],"tags":[890],"class_list":["post-19333","post","type-post","status-publish","format-standard","has-post-thumbnail","hentry","category-vistazo-deportivo","tag-seleccion-colombia"],"_links":{"self":[{"href":"https:\/\/contraluzcucuta.co\/index.php?rest_route=\/wp\/v2\/posts\/19333","targetHints":{"allow":["GET"]}}],"collection":[{"href":"https:\/\/contraluzcucuta.co\/index.php?rest_route=\/wp\/v2\/posts"}],"about":[{"href":"https:\/\/contraluzcucuta.co\/index.php?rest_route=\/wp\/v2\/types\/post"}],"author":[{"embeddable":true,"href":"https:\/\/contraluzcucuta.co\/index.php?rest_route=\/wp\/v2\/users\/1"}],"replies":[{"embeddable":true,"href":"https:\/\/contraluzcucuta.co\/index.php?rest_route=%2Fwp%2Fv2%2Fcomments&post=19333"}],"version-history":[{"count":2,"href":"https:\/\/contraluzcucuta.co\/index.php?rest_route=\/wp\/v2\/posts\/19333\/revisions"}],"predecessor-version":[{"id":19337,"href":"https:\/\/contraluzcucuta.co\/index.php?rest_route=\/wp\/v2\/posts\/19333\/revisions\/19337"}],"wp:featuredmedia":[{"embeddable":true,"href":"https:\/\/contraluzcucuta.co\/index.php?rest_route=\/wp\/v2\/media\/19335"}],"wp:attachment":[{"href":"https:\/\/contraluzcucuta.co\/index.php?rest_route=%2Fwp%2Fv2%2Fmedia&parent=19333"}],"wp:term":[{"taxonomy":"category","embeddable":true,"href":"https:\/\/contraluzcucuta.co\/index.php?rest_route=%2Fwp%2Fv2%2Fcategories&post=19333"},{"taxonomy":"post_tag","embeddable":true,"href":"https:\/\/contraluzcucuta.co\/index.php?rest_route=%2Fwp%2Fv2%2Ftags&post=19333"}],"curies":[{"name":"wp","href":"https:\/\/api.w.org\/{rel}","templated":true}]}}