{"id":19272,"date":"2013-09-02T20:06:13","date_gmt":"2013-09-03T01:06:13","guid":{"rendered":"http:\/\/contraluzcucuta.co\/?p=19272"},"modified":"2013-09-02T20:06:13","modified_gmt":"2013-09-03T01:06:13","slug":"un-sector-embejucado","status":"publish","type":"post","link":"https:\/\/contraluzcucuta.co\/?p=19272","title":{"rendered":"Un sector embejucado"},"content":{"rendered":"<p>El paro agrario nacional, anunciado con suficiente antelaci\u00f3n, es simplemente el acumulo de una serie de carencias, sucedidas durante\u00a0 mucho tiempo, de las cuales se les ha advertido a los gobiernos de turno que, demag\u00f3gica y \u00a0politiqueramente, han ido per\u00edodo tras per\u00edodo desgastando por medio de la desprotecci\u00f3n al sector agropecuario, motor \u00a0del fundamento primario de la econom\u00eda y responsable de la seguridad alimentaria colombiana.<\/p>\n<p>Mucha tinta ha corrido, durante m\u00e1s de 20 a\u00f1os, alertando, promoviendo, justificando y demostrando al Gobierno lo que hoy se est\u00e1 evidenciando como una verdadera\u00a0 crisis socioecon\u00f3mica de incalculables consecuencias, que\u00a0 puede arrastrar al pa\u00eds a cambios estructurales pol\u00edticos, comunes en los \u00faltimos tiempos en Am\u00e9rica Latina, y sucedidos gracias a desatinos de las\u00a0 clases dominantes pol\u00edticas en el manejo de lo p\u00fablico, con ingredientes de improvisaci\u00f3n, mediocridad y corrupci\u00f3n, que generalmente han originado\u00a0 violencia y delincuencia, g\u00e9nesis de todas nuestras desventuras.<\/p>\n<p>Hist\u00f3ricamente, siempre, los cambios sociales y pol\u00edticos en el mundo se han originado en el medio rural, teniendo al campesino como actor, para iniciar el revolc\u00f3n. Luego, se suman otros sectores urbanos como sindicalistas, trasportadores, estudiantes, hasta vincular todo un conglomerado de inconformes o indignados, como se llaman hoy, contra el establecimiento.<\/p>\n<p>Lo anterior, parecieran ignorarlo o\u00a0 desestimarlo el Gobierno y la clase pol\u00edtica, demostrando un autocratismo inmoderado, en contraposici\u00f3n con lo que se predica y pregona a los cuatro vientos, con un discurso altamente demag\u00f3gico, que nadie cree.<\/p>\n<p>No se puede entender al presidente Juan Manuel Santos desconociendo y minimizando el paro agrario, aduciendo que s\u00f3lo se trata de un grupo insignificante y sin representatividad, en contraposici\u00f3n de lo argumentado por el gremialismo\u00a0 agropecuario directamente en la Casa de Nari\u00f1o, cuando de urgencia fue convocado para buscar soluciones inmediatistas a \u00faltima hora.<\/p>\n<p>Por estas circunstancias, es que no hemos estado de acuerdo con \u00a0programas netamente asistencialistas para nuestro campesino, hombre sencillo acostumbrado a ganarse la vida produciendo en forma digna y honesta, \u00a0quien espera \u00a0y exige\u00a0 una pol\u00edtica agropecuaria razonable, donde encuentre condiciones de desarrollo integrales, para desempe\u00f1arse como verdadero empresario en el contexto econ\u00f3mico moderno;\u00a0 nunca mendingando limosna, que lo ubiquen como pordiosero. Ejemplos de estos hay muchos, de los cuales no ha quedado nada. Recordemos los programas \u00a0Guardabosques y Resa, en el gobierno pasado.<\/p>\n<p>Esta situaci\u00f3n, a la que se le ha dado la connotaci\u00f3n de crisis, debe ser asimilada por la dirigencia nacional para demostrarle \u00a0al pa\u00eds un reconocimiento, el derecho de opini\u00f3n, \u00a0promoviendo un aterrizado Plan de Desarrollo Rural, que contenga \u00a0ingredientes sociales, \u00a0con un \u00a0rostro verdaderamente humano y\u00a0 que provenga de una legislaci\u00f3n de alcances \u00edntegros, \u00a0en los que se vincule todo un componente investigativo, t\u00e9cnico, infraestructural, educativo, \u00a0comercial, crediticio, ambiental y empresarial, con alcances nacionales e internacionales, p\u00fablicos y privados. Por tanto, tienen la palabra los sectores\u00a0 oficiales Ejecutivo y Legislativo, para convertir este escollo en una fortaleza. Esta s\u00ed ser\u00eda una forma ocasionalmente indicada para pagar la deuda acumulada al campesinado colombiano.<\/p>\n<p>Ahora, que para apaciguar la situaci\u00f3n el Gobierno est\u00e1 convocando un acuerdo agropecuario, ser\u00eda bueno encomendar a quienes tengan la oportunidad de esta diligencia, lo siguiente:<\/p>\n<p><b>Uno<\/b>: El precio de la gasolina en Colombia debe congelarse en $ 5,0 por gal\u00f3n, teniendo en cuenta que es el m\u00f3vil de toda la escalada de precios e insumos nacionalmente.<\/p>\n<p><b>Dos:<\/b> Los bienes incautados al narcotr\u00e1fico deben constituirse en fondo especial para financiar al sector rural,\u00a0 la salud, la educaci\u00f3n y la infraestructura, por haber sido el m\u00e1s afectado en cuanto al deterioro del medio ambiente, la violencia, el desarraigo, entre otros.<\/p>\n<p><b>Tres:<\/b> El Impuesto del cuatro por mil, generador de recursos para beneficiar a otros sectores econ\u00f3micos como el financiero, por varios a\u00f1os, es hora\u00a0 de asign\u00e1rselo al sector agropecuario, por lo menos durante un quinquenio.<\/p>\n<p><b>CIRO A. RAM\u00cdREZ D\u00c1VILA<\/b><\/p>\n<p>&nbsp; <\/p>\n","protected":false},"excerpt":{"rendered":"<p>El paro agrario nacional, anunciado con suficiente antelaci\u00f3n, es simplemente el acumulo de una serie de carencias, sucedidas durante\u00a0 mucho tiempo, de las cuales se les ha advertido a los gobiernos de turno que, demag\u00f3gica y \u00a0politiqueramente, han ido per\u00edodo tras per\u00edodo desgastando por medio de la desprotecci\u00f3n al sector agropecuario, motor \u00a0del fundamento primario &hellip;<\/p>\n","protected":false},"author":1,"featured_media":19273,"comment_status":"open","ping_status":"open","sticky":false,"template":"","format":"standard","meta":{"footnotes":""},"categories":[14,4],"tags":[360,869],"class_list":["post-19272","post","type-post","status-publish","format-standard","has-post-thumbnail","hentry","category-articulistas","category-barra","tag-ciro-ramirez","tag-paro-agrario"],"_links":{"self":[{"href":"https:\/\/contraluzcucuta.co\/index.php?rest_route=\/wp\/v2\/posts\/19272","targetHints":{"allow":["GET"]}}],"collection":[{"href":"https:\/\/contraluzcucuta.co\/index.php?rest_route=\/wp\/v2\/posts"}],"about":[{"href":"https:\/\/contraluzcucuta.co\/index.php?rest_route=\/wp\/v2\/types\/post"}],"author":[{"embeddable":true,"href":"https:\/\/contraluzcucuta.co\/index.php?rest_route=\/wp\/v2\/users\/1"}],"replies":[{"embeddable":true,"href":"https:\/\/contraluzcucuta.co\/index.php?rest_route=%2Fwp%2Fv2%2Fcomments&post=19272"}],"version-history":[{"count":1,"href":"https:\/\/contraluzcucuta.co\/index.php?rest_route=\/wp\/v2\/posts\/19272\/revisions"}],"predecessor-version":[{"id":19274,"href":"https:\/\/contraluzcucuta.co\/index.php?rest_route=\/wp\/v2\/posts\/19272\/revisions\/19274"}],"wp:featuredmedia":[{"embeddable":true,"href":"https:\/\/contraluzcucuta.co\/index.php?rest_route=\/wp\/v2\/media\/19273"}],"wp:attachment":[{"href":"https:\/\/contraluzcucuta.co\/index.php?rest_route=%2Fwp%2Fv2%2Fmedia&parent=19272"}],"wp:term":[{"taxonomy":"category","embeddable":true,"href":"https:\/\/contraluzcucuta.co\/index.php?rest_route=%2Fwp%2Fv2%2Fcategories&post=19272"},{"taxonomy":"post_tag","embeddable":true,"href":"https:\/\/contraluzcucuta.co\/index.php?rest_route=%2Fwp%2Fv2%2Ftags&post=19272"}],"curies":[{"name":"wp","href":"https:\/\/api.w.org\/{rel}","templated":true}]}}