{"id":19213,"date":"2013-08-29T21:25:37","date_gmt":"2013-08-30T02:25:37","guid":{"rendered":"http:\/\/contraluzcucuta.co\/?p=19213"},"modified":"2013-08-29T21:25:37","modified_gmt":"2013-08-30T02:25:37","slug":"la-espera-y-la-falsa-union-en-medio-de-las-necesidades-de-cambio","status":"publish","type":"post","link":"https:\/\/contraluzcucuta.co\/?p=19213","title":{"rendered":"La espera y la falsa uni\u00f3n en medio de las necesidades de cambio"},"content":{"rendered":"<p>1.-Trascurridas varias semanas, desde el encuentro de presidentes\u00a0 de Colombia y Venezuela, en Puerto Ayacucho, para hallar de manera conjunta acciones y empe\u00f1os en pro de las fajas territoriales que enmarcan y definen\u00a0 las fronteras de los dos Estados, bien vale preguntar \u00bfHacia d\u00f3nde vamos? \u00bfEn qu\u00e9 se sustenta el planteamiento central?\u00a0 \u00bfCu\u00e1les son las comisiones bilaterales de empalme? \u00bfQui\u00e9nes las integran? \u00bfLos gobernadores y los alcaldes de las regiones y municipios claves han coordinado acciones para precisar lo que se pretende y anhela? \u00bfLas asociaciones gremiales, profesionales y laborales han definido requerimientos y prop\u00f3sitos? Formular estos interrogantes es tocar puertas oficiales y privadas, porque la pasividad noticiosa y el silencio pol\u00edtico y administrativo \u00a0no solo es general sino paralizante, porque nadie pareciera saber nada, ni indagar por nada, mientras imperan el inmediatismo y el facilismo que alimentan\u00a0 la cultura del atajo. D\u00eda a d\u00eda se constata que nuestro problema mayor no es econ\u00f3mico sino humano, porque lo vigente y actuante es la tradici\u00f3n del menor esfuerzo. Y, porque la uni\u00f3n y el trabajo compartidos y en equipo no existen.<\/p>\n<p>2.- Sin vencer esa modorra funcional y operativa no habr\u00e1 esperanzas de trasformaci\u00f3n y cambio, porque lo que domina el ambiente y registra expresivas manifestaciones es\u00a0 la pereza en el obrar y el no creer en nada, ni en nadie. La ausencia de unidad ha creado vac\u00edos dif\u00edciles de llenar\u00a0 y la necesidad de acertar una tarea inaplazable. \u00bfPor qu\u00e9? Porque hay que\u00a0 convocar a los que saben y a los que quieren ser auxiliadores de un aut\u00e9ntico proceso de cambio que vaya hasta la ra\u00edz de todo lo que acontece y nutra el Centro del Pensamiento y Desarrollo Fronterizo, que con urgencia propuso Cesar Vallejo Mej\u00eda al analizar lo que hay y acontece.<\/p>\n<p>3.- Y, lo m\u00e1s grave, radica en el exagerado individualismo\u00a0 y la visi\u00f3n de una pretendida, pero enga\u00f1osa\u00a0 unidad, que en el actuar \u00a0solo funciona en el periodo preelectoral, bajo el conjuro de la mentira y del\u00a0 billete. Por eso, crear conciencia, verdadero compromiso\u00a0 y sincera voluntad de servicio hacia lo\u00a0 fundamental y b\u00e1sico es una tarea que exige vencer muchos factores. Y, m\u00e1s, cuando es indispensable obtener representatividad, incentivos, est\u00edmulos, mecanismos y medidas descentralizadoras.<\/p>\n<p>\u00bfLa costumbre de esperar y de postergarlo\u00a0 todo, acaso tambi\u00e9n incluye no atender el reto del futuro? \u00bfPodr\u00e1 haber subsistencia, progreso y aut\u00e9ntico desarrollo sin superar la marginalidad, el desempleo y la pobreza? \u00bfQu\u00e9 opinan nuestros dirigentes pol\u00edticos? No aceptar que la desidia\u00a0 y la pasividad nos han hecho da\u00f1o es continuar en el error y el atraso. Adem\u00e1s, ir en contrav\u00eda.<\/p>\n<p><b>JOS\u00c9 NEIRA REY<\/b><\/p>\n<p><b><a href=\"mailto:jneirarey@hotmail.com\">jneirarey@hotmail.com<\/a><\/b><\/p>\n<p><b>Notas al margen\u00a0\u00a0\u00a0\u00a0\u00a0\u00a0\u00a0\u00a0\u00a0\u00a0\u00a0\u00a0\u00a0\u00a0\u00a0\u00a0\u00a0\u00a0\u00a0\u00a0\u00a0\u00a0\u00a0\u00a0\u00a0\u00a0\u00a0\u00a0\u00a0\u00a0\u00a0\u00a0\u00a0\u00a0\u00a0\u00a0\u00a0\u00a0\u00a0\u00a0\u00a0\u00a0\u00a0\u00a0\u00a0\u00a0\u00a0\u00a0\u00a0\u00a0\u00a0\u00a0\u00a0\u00a0\u00a0\u00a0\u00a0\u00a0\u00a0\u00a0\u00a0\u00a0\u00a0\u00a0\u00a0\u00a0\u00a0\u00a0\u00a0\u00a0\u00a0\u00a0\u00a0\u00a0\u00a0\u00a0\u00a0\u00a0\u00a0\u00a0\u00a0\u00a0\u00a0\u00a0\u00a0\u00a0\u00a0\u00a0 \u00a0\u00a0\u00a0\u00a0\u00a0\u00a0\u00a0\u00a0\u00a0\u00a0\u00a0\u00a0\u00a0\u00a0\u00a0\u00a0\u00a0\u00a0\u00a0\u00a0\u00a0\u00a0\u00a0\u00a0<\/b><\/p>\n<p>&nbsp; <\/p>\n","protected":false},"excerpt":{"rendered":"<p>1.-Trascurridas varias semanas, desde el encuentro de presidentes\u00a0 de Colombia y Venezuela, en Puerto Ayacucho, para hallar de manera conjunta acciones y empe\u00f1os en pro de las fajas territoriales que enmarcan y definen\u00a0 las fronteras de los dos Estados, bien vale preguntar \u00bfHacia d\u00f3nde vamos? \u00bfEn qu\u00e9 se sustenta el planteamiento central?\u00a0 \u00bfCu\u00e1les son las &hellip;<\/p>\n","protected":false},"author":1,"featured_media":19214,"comment_status":"open","ping_status":"open","sticky":false,"template":"","format":"standard","meta":{"footnotes":""},"categories":[14,4],"tags":[303],"class_list":["post-19213","post","type-post","status-publish","format-standard","has-post-thumbnail","hentry","category-articulistas","category-barra","tag-jose-neira-rey"],"_links":{"self":[{"href":"https:\/\/contraluzcucuta.co\/index.php?rest_route=\/wp\/v2\/posts\/19213","targetHints":{"allow":["GET"]}}],"collection":[{"href":"https:\/\/contraluzcucuta.co\/index.php?rest_route=\/wp\/v2\/posts"}],"about":[{"href":"https:\/\/contraluzcucuta.co\/index.php?rest_route=\/wp\/v2\/types\/post"}],"author":[{"embeddable":true,"href":"https:\/\/contraluzcucuta.co\/index.php?rest_route=\/wp\/v2\/users\/1"}],"replies":[{"embeddable":true,"href":"https:\/\/contraluzcucuta.co\/index.php?rest_route=%2Fwp%2Fv2%2Fcomments&post=19213"}],"version-history":[{"count":1,"href":"https:\/\/contraluzcucuta.co\/index.php?rest_route=\/wp\/v2\/posts\/19213\/revisions"}],"predecessor-version":[{"id":19215,"href":"https:\/\/contraluzcucuta.co\/index.php?rest_route=\/wp\/v2\/posts\/19213\/revisions\/19215"}],"wp:featuredmedia":[{"embeddable":true,"href":"https:\/\/contraluzcucuta.co\/index.php?rest_route=\/wp\/v2\/media\/19214"}],"wp:attachment":[{"href":"https:\/\/contraluzcucuta.co\/index.php?rest_route=%2Fwp%2Fv2%2Fmedia&parent=19213"}],"wp:term":[{"taxonomy":"category","embeddable":true,"href":"https:\/\/contraluzcucuta.co\/index.php?rest_route=%2Fwp%2Fv2%2Fcategories&post=19213"},{"taxonomy":"post_tag","embeddable":true,"href":"https:\/\/contraluzcucuta.co\/index.php?rest_route=%2Fwp%2Fv2%2Ftags&post=19213"}],"curies":[{"name":"wp","href":"https:\/\/api.w.org\/{rel}","templated":true}]}}