{"id":19206,"date":"2013-08-29T20:24:26","date_gmt":"2013-08-30T01:24:26","guid":{"rendered":"http:\/\/contraluzcucuta.co\/?p=19206"},"modified":"2013-08-29T20:24:26","modified_gmt":"2013-08-30T01:24:26","slug":"feria-y-macrorrueda-del-calzado-en-septiembre","status":"publish","type":"post","link":"https:\/\/contraluzcucuta.co\/?p=19206","title":{"rendered":"Feria  y macrorrueda del calzado, en septiembre"},"content":{"rendered":"<p>&nbsp;<\/p>\n<p><b>C\u00daCUTA.-<\/b> Sesenta empresarios y comerciantes cucute\u00f1os participar\u00e1n en la Feria del Calzado, que se llevar\u00e1 a cabo el 17 y 18 de septiembre, en la biblioteca p\u00fablica Julio P\u00e9rez Ferrero.<\/p>\n<p>La actividad cuenta con respaldo del Ministerio de Comercio y de la Corporaci\u00f3n para el Desarrollo de las Microempresas Propa\u00eds, cuyo lema es \u2018Compre Colombiano\u2019.<\/p>\n<p>El objetivo es impulsar el desarrollo comercial en la ciudad, invitar a empresarios a que conozcan, inviertan y comercialicen el calzado cucute\u00f1o. Durante a\u00f1os, el gremio ha destacado como uno de los fuertes de esta capital por la calidad, la innovaci\u00f3n y el precio.<\/p>\n<p>El alcalde Donamaris Ram\u00edrez se reunir\u00e1 con\u00a0 los representantes de los gremios que participar\u00e1n de la exposici\u00f3n y macrorrueda para manejar una serie de lineamientos que permitan evaluar la jornada y determinar cu\u00e1ntos negocios lograron concluirse con \u00e9xito y el monto de las compras por parte de empresarios nacionales.<\/p>\n<p>Miguel \u00c1ngel Herrera, representante de la Corporaci\u00f3n de Industriales del Calzado, destac\u00f3 que estos proyectos contribuyen al fortalecimiento y reactivaci\u00f3n de los negocios locales, regionales y nacionales.<\/p>\n<p>La feria busca fortalecer el intercambio comercial con Antioquia, Cundinamarca, Valle, Meta, Atl\u00e1ntico, Santander, C\u00f3rdoba, Nari\u00f1o, Casanare, Bol\u00edvar, Quind\u00edo, Risaralda y Caldas.<\/p>\n<p>Jairo Pulecio Franco, secretario de Desarrollo Social del Municipio, dijo que \u201cm\u00e1s de 15 empresarios del pa\u00eds har\u00e1n parte de la Feria y macrorrueda del Calzado de C\u00facuta\u201d.<\/p>\n<p>El Fondo Innpulsa destin\u00f3 $ 210 millones para capacitar a los empresarios del calzado en el mejoramiento de la calidad de los productos. El gremio cucute\u00f1o tiene asegurado un espacio en la Feria Internacional del Cuero, la Marroquiner\u00eda y el Calzado, que se llevar\u00e1 a cabo del 4 al 6 de febrero en el Centro Internacional de Negocios y Exposiciones (Corferias), en Bogot\u00e1.<\/p>\n<p>&nbsp;<\/p>\n<p>&nbsp; <\/p>\n","protected":false},"excerpt":{"rendered":"<p>&nbsp; C\u00daCUTA.- Sesenta empresarios y comerciantes cucute\u00f1os participar\u00e1n en la Feria del Calzado, que se llevar\u00e1 a cabo el 17 y 18 de septiembre, en la biblioteca p\u00fablica Julio P\u00e9rez Ferrero. La actividad cuenta con respaldo del Ministerio de Comercio y de la Corporaci\u00f3n para el Desarrollo de las Microempresas Propa\u00eds, cuyo lema es \u2018Compre &hellip;<\/p>\n","protected":false},"author":1,"featured_media":19207,"comment_status":"open","ping_status":"open","sticky":false,"template":"","format":"standard","meta":{"footnotes":""},"categories":[541,4],"tags":[877],"class_list":["post-19206","post","type-post","status-publish","format-standard","has-post-thumbnail","hentry","category-ciudad","category-barra","tag-feria-del-calzado-en-cucuta"],"_links":{"self":[{"href":"https:\/\/contraluzcucuta.co\/index.php?rest_route=\/wp\/v2\/posts\/19206","targetHints":{"allow":["GET"]}}],"collection":[{"href":"https:\/\/contraluzcucuta.co\/index.php?rest_route=\/wp\/v2\/posts"}],"about":[{"href":"https:\/\/contraluzcucuta.co\/index.php?rest_route=\/wp\/v2\/types\/post"}],"author":[{"embeddable":true,"href":"https:\/\/contraluzcucuta.co\/index.php?rest_route=\/wp\/v2\/users\/1"}],"replies":[{"embeddable":true,"href":"https:\/\/contraluzcucuta.co\/index.php?rest_route=%2Fwp%2Fv2%2Fcomments&post=19206"}],"version-history":[{"count":1,"href":"https:\/\/contraluzcucuta.co\/index.php?rest_route=\/wp\/v2\/posts\/19206\/revisions"}],"predecessor-version":[{"id":19208,"href":"https:\/\/contraluzcucuta.co\/index.php?rest_route=\/wp\/v2\/posts\/19206\/revisions\/19208"}],"wp:featuredmedia":[{"embeddable":true,"href":"https:\/\/contraluzcucuta.co\/index.php?rest_route=\/wp\/v2\/media\/19207"}],"wp:attachment":[{"href":"https:\/\/contraluzcucuta.co\/index.php?rest_route=%2Fwp%2Fv2%2Fmedia&parent=19206"}],"wp:term":[{"taxonomy":"category","embeddable":true,"href":"https:\/\/contraluzcucuta.co\/index.php?rest_route=%2Fwp%2Fv2%2Fcategories&post=19206"},{"taxonomy":"post_tag","embeddable":true,"href":"https:\/\/contraluzcucuta.co\/index.php?rest_route=%2Fwp%2Fv2%2Ftags&post=19206"}],"curies":[{"name":"wp","href":"https:\/\/api.w.org\/{rel}","templated":true}]}}