{"id":19203,"date":"2013-08-29T20:06:00","date_gmt":"2013-08-30T01:06:00","guid":{"rendered":"http:\/\/contraluzcucuta.co\/?p=19203"},"modified":"2013-08-29T20:06:00","modified_gmt":"2013-08-30T01:06:00","slug":"msbcolombia-fijo-nuevas-fechas-para-inscripcion-de-candidatos-al-senado","status":"publish","type":"post","link":"https:\/\/contraluzcucuta.co\/?p=19203","title":{"rendered":"MSBColombia fij\u00f3 nuevas fechas para inscripci\u00f3n de candidatos al Senado"},"content":{"rendered":"<p><b>C\u00daCUTA.-<\/b> El Movimiento Socialista Bolivariano ampli\u00f3 el plazo para la inscripci\u00f3n de la lista al Senado, con motivo de las elecciones del 2014. El 3 de septiembre, en la Delegaci\u00f3n de la Registradur\u00eda Nacional del Estado Civil &#8211; Norte de Santander, se oficializar\u00e1 el Comit\u00e9\u00a0 Promotor de recolecci\u00f3n de firmas, compuesto de tres ciudadanos.<\/p>\n<p>David Corredor Cu\u00e9llar, director general del MSBColombia, indic\u00f3 que est\u00e1n en el tr\u00e1mite de cumplimiento de requisitos para obtener la Personer\u00eda Jur\u00eddica ante el Consejo Nacional Electoral. Uno de los requerimientos es participar con una lista al Congreso de la Rep\u00fablica.<\/p>\n<p>\u201cEl MSBColombia descifr\u00f3 las trochas del laberinto de requisitos para hacer pol\u00edtica dentro de la Constituci\u00f3n y ley colombiana\u201d, dijo el vocero pol\u00edtico. La inscripci\u00f3n se har\u00e1 como grupo significativo de ciudadanos.<\/p>\n<p>La decisi\u00f3n de participar en los comicios de marzo se tom\u00f3 en el segundo encuentro y la primera asamblea nacional, reunidos en C\u00facuta. En la cita se explicaron los requisitos para inscribir la lista y ser candidato al Senado.<\/p>\n<p>El cupo en la Lista al Senado es de 100 candidatos y el plazo para recibir inscripciones se fij\u00f3 del 18 al 28 de agosto. El 30, se inscribir\u00eda el Comit\u00e9 Promotor de recolecci\u00f3n de firmas.<\/p>\n<p>\u201cLa urgente necesidad de conformar una lista fuerte en estos momentos de crisis en Colombia nos obliga a fijar nuevas fechas\u201d, explic\u00f3 David Corredor.<\/p>\n<p>&nbsp; <\/p>\n","protected":false},"excerpt":{"rendered":"<p>C\u00daCUTA.- El Movimiento Socialista Bolivariano ampli\u00f3 el plazo para la inscripci\u00f3n de la lista al Senado, con motivo de las elecciones del 2014. El 3 de septiembre, en la Delegaci\u00f3n de la Registradur\u00eda Nacional del Estado Civil &#8211; Norte de Santander, se oficializar\u00e1 el Comit\u00e9\u00a0 Promotor de recolecci\u00f3n de firmas, compuesto de tres ciudadanos. David &hellip;<\/p>\n","protected":false},"author":1,"featured_media":19204,"comment_status":"open","ping_status":"open","sticky":false,"template":"","format":"standard","meta":{"footnotes":""},"categories":[9],"tags":[432,433],"class_list":["post-19203","post","type-post","status-publish","format-standard","has-post-thumbnail","hentry","category-politica","tag-david-corredor-cuellar","tag-msbcolombia"],"_links":{"self":[{"href":"https:\/\/contraluzcucuta.co\/index.php?rest_route=\/wp\/v2\/posts\/19203","targetHints":{"allow":["GET"]}}],"collection":[{"href":"https:\/\/contraluzcucuta.co\/index.php?rest_route=\/wp\/v2\/posts"}],"about":[{"href":"https:\/\/contraluzcucuta.co\/index.php?rest_route=\/wp\/v2\/types\/post"}],"author":[{"embeddable":true,"href":"https:\/\/contraluzcucuta.co\/index.php?rest_route=\/wp\/v2\/users\/1"}],"replies":[{"embeddable":true,"href":"https:\/\/contraluzcucuta.co\/index.php?rest_route=%2Fwp%2Fv2%2Fcomments&post=19203"}],"version-history":[{"count":1,"href":"https:\/\/contraluzcucuta.co\/index.php?rest_route=\/wp\/v2\/posts\/19203\/revisions"}],"predecessor-version":[{"id":19205,"href":"https:\/\/contraluzcucuta.co\/index.php?rest_route=\/wp\/v2\/posts\/19203\/revisions\/19205"}],"wp:featuredmedia":[{"embeddable":true,"href":"https:\/\/contraluzcucuta.co\/index.php?rest_route=\/wp\/v2\/media\/19204"}],"wp:attachment":[{"href":"https:\/\/contraluzcucuta.co\/index.php?rest_route=%2Fwp%2Fv2%2Fmedia&parent=19203"}],"wp:term":[{"taxonomy":"category","embeddable":true,"href":"https:\/\/contraluzcucuta.co\/index.php?rest_route=%2Fwp%2Fv2%2Fcategories&post=19203"},{"taxonomy":"post_tag","embeddable":true,"href":"https:\/\/contraluzcucuta.co\/index.php?rest_route=%2Fwp%2Fv2%2Ftags&post=19203"}],"curies":[{"name":"wp","href":"https:\/\/api.w.org\/{rel}","templated":true}]}}