{"id":19200,"date":"2013-08-29T19:33:55","date_gmt":"2013-08-30T00:33:55","guid":{"rendered":"http:\/\/contraluzcucuta.co\/?p=19200"},"modified":"2013-08-29T19:33:55","modified_gmt":"2013-08-30T00:33:55","slug":"socializada-ruta-departamental-de-atencion-a-victimas-del-conflicto","status":"publish","type":"post","link":"https:\/\/contraluzcucuta.co\/?p=19200","title":{"rendered":"Socializada Ruta Departamental de Atenci\u00f3n a v\u00edctimas del conflicto"},"content":{"rendered":"<p><b>C\u00daCUTA.-<\/b> Los responsables de las oficinas de Servicio de Atenci\u00f3n a la\u00a0 Comunidad (SAC) de los municipios y de los Servicios de Informaci\u00f3n y Atenci\u00f3n al Usuario (SIAU) de las ESE recibieron capacitaci\u00f3n sobre las recomendaciones para garantizar acceso y calidad de los servicios.<\/p>\n<p>El Instituto Departamental de Salud socializ\u00f3 la Ruta Departamental de Atenci\u00f3n a poblaci\u00f3n v\u00edctima del conflicto, elaborada por las entidades que conforman el Comit\u00e9 de Justicia Transicional.<\/p>\n<p>De acuerdo con la normatividad vigente se busc\u00f3 unificar criterios que permitan reducir barreras para prestaci\u00f3n de servicios de salud o asistencia psicosocial.<\/p>\n<p>Delegados de la Defensor\u00eda del Pueblo, regional Norte de Santander, confirmaron la necesidad de ofrecer garant\u00edas de derechos y atenci\u00f3n diferencial.<\/p>\n<p>Silvia Moros y Marx Nocua, asesores de la Unidad Territorial de Atenci\u00f3n a V\u00edctimas del Conflicto, presentaron los lineamientos para la atenci\u00f3n a la poblaci\u00f3n, establecidos por la Ley 1448 de 2011 \u2013 Ley de V\u00edctimas y Restituci\u00f3n de Tierras.<\/p>\n<p>En la actividad se socializ\u00f3 el Programa de Protecci\u00f3n Diferencial de Ni\u00f1os, Ni\u00f1as y J\u00f3venes \u2018Mis Derechos Primero\u2019, que ha permitido beneficiar poblaci\u00f3n vulnerable en C\u00facuta, Oca\u00f1a y San Calixto, y del Programa de Atenci\u00f3n Psicosocial y Salud Integral a v\u00edctimas del conflicto armado (Papsivi) que se cumple con apoyo de la Organizaci\u00f3n Internacional para las Migraciones (OIM) y del Ministerio de Salud y Protecci\u00f3n Social.<\/p>\n<p>Javier Prieto, director del Instituto Departamental de Salud, destac\u00f3 la importancia de socializar este tipo de procesos. \u201cPara lograr que las instituciones del Estado atiendan oportunamente a las v\u00edctimas del conflicto se debe hablar en un mismo idioma, concertando estrategias que agilicen los tr\u00e1mites y humanicen la atenci\u00f3n, as\u00ed podremos identificar claramente las barreras de acceso y establecer soluciones conjuntas\u201d.<\/p>\n<p>&nbsp; <\/p>\n","protected":false},"excerpt":{"rendered":"<p>C\u00daCUTA.- Los responsables de las oficinas de Servicio de Atenci\u00f3n a la\u00a0 Comunidad (SAC) de los municipios y de los Servicios de Informaci\u00f3n y Atenci\u00f3n al Usuario (SIAU) de las ESE recibieron capacitaci\u00f3n sobre las recomendaciones para garantizar acceso y calidad de los servicios. El Instituto Departamental de Salud socializ\u00f3 la Ruta Departamental de Atenci\u00f3n &hellip;<\/p>\n","protected":false},"author":1,"featured_media":19201,"comment_status":"open","ping_status":"open","sticky":false,"template":"","format":"standard","meta":{"footnotes":""},"categories":[5],"tags":[876],"class_list":["post-19200","post","type-post","status-publish","format-standard","has-post-thumbnail","hentry","category-justicia-transicional","tag-ruta-departamental-de-atencion-a-victimas-del-conflicto"],"_links":{"self":[{"href":"https:\/\/contraluzcucuta.co\/index.php?rest_route=\/wp\/v2\/posts\/19200","targetHints":{"allow":["GET"]}}],"collection":[{"href":"https:\/\/contraluzcucuta.co\/index.php?rest_route=\/wp\/v2\/posts"}],"about":[{"href":"https:\/\/contraluzcucuta.co\/index.php?rest_route=\/wp\/v2\/types\/post"}],"author":[{"embeddable":true,"href":"https:\/\/contraluzcucuta.co\/index.php?rest_route=\/wp\/v2\/users\/1"}],"replies":[{"embeddable":true,"href":"https:\/\/contraluzcucuta.co\/index.php?rest_route=%2Fwp%2Fv2%2Fcomments&post=19200"}],"version-history":[{"count":1,"href":"https:\/\/contraluzcucuta.co\/index.php?rest_route=\/wp\/v2\/posts\/19200\/revisions"}],"predecessor-version":[{"id":19202,"href":"https:\/\/contraluzcucuta.co\/index.php?rest_route=\/wp\/v2\/posts\/19200\/revisions\/19202"}],"wp:featuredmedia":[{"embeddable":true,"href":"https:\/\/contraluzcucuta.co\/index.php?rest_route=\/wp\/v2\/media\/19201"}],"wp:attachment":[{"href":"https:\/\/contraluzcucuta.co\/index.php?rest_route=%2Fwp%2Fv2%2Fmedia&parent=19200"}],"wp:term":[{"taxonomy":"category","embeddable":true,"href":"https:\/\/contraluzcucuta.co\/index.php?rest_route=%2Fwp%2Fv2%2Fcategories&post=19200"},{"taxonomy":"post_tag","embeddable":true,"href":"https:\/\/contraluzcucuta.co\/index.php?rest_route=%2Fwp%2Fv2%2Ftags&post=19200"}],"curies":[{"name":"wp","href":"https:\/\/api.w.org\/{rel}","templated":true}]}}