{"id":19197,"date":"2013-08-29T18:30:13","date_gmt":"2013-08-29T23:30:13","guid":{"rendered":"http:\/\/contraluzcucuta.co\/?p=19197"},"modified":"2013-08-29T18:30:13","modified_gmt":"2013-08-29T23:30:13","slug":"unidad-de-restitucion-de-tierras-refuerza-atencion-a-victimas","status":"publish","type":"post","link":"https:\/\/contraluzcucuta.co\/?p=19197","title":{"rendered":"Unidad de Restituci\u00f3n de Tierras refuerza atenci\u00f3n a v\u00edctimas"},"content":{"rendered":"<p><b>C\u00daCUTA.-<\/b> La atenci\u00f3n a la poblaci\u00f3n vulnerable v\u00edctima del conflicto ser\u00e1 reforzada por la Unidad de Restituci\u00f3n de Tierras mediante capacitaciones a Defensores p\u00fablicos y de familia de Norte de Santander. Los menores de edad y terceros intervinientes u opositores vinculados a procesos de restituci\u00f3n tambi\u00e9n se favorecer\u00e1n.<\/p>\n<p>Para aprovechar el contacto que regularmente tiene con la poblaci\u00f3n vulnerable, la direcci\u00f3n Territorial de la Unidad, inici\u00f3 jornadas de socializaci\u00f3n con respecto a la Ley 1448 de 2011, dirigidas a defensores p\u00fablicos y de familia\u00a0 adscritos a la Defensor\u00eda del Pueblo y al Instituto Colombiano de Bienestar Familiar (ICBF).<\/p>\n<p>Durante un d\u00eda, mediante talleres simult\u00e1neos en cada entidad, los funcionarios recibieron informaci\u00f3n sobre el origen de la Ley de V\u00edctimas y Restituci\u00f3n de Tierras, los decretos reglamentarios y el procedimiento administrativo y judicial que contempla el proceso.<\/p>\n<p>La capacitaci\u00f3n estuvo dividida en tres momentos, durante los cuales los coordinadores de las \u00e1reas social, catastral y jur\u00eddica de la URT entregaron la informaci\u00f3n acerca del proceso de reclamaci\u00f3n iniciado por las v\u00edctimas de despojo en el marco del conflicto armado.<\/p>\n<p>En la jornada los funcionarios de la Defensor\u00eda del Pueblo y del Instituto Colombiano de Bienestar Familiar despejaron dudas sobre el papel que como defensores p\u00fablicos y de familia tienen ante el conocimiento de casos de reclamaci\u00f3n de tierras.<\/p>\n<p>Para los defensores p\u00fablicos fue socializada la ruta de atenci\u00f3n que por obligaci\u00f3n deben aplicar ante terceros intervinientes vinculados como opositores dentro de procesos de restituci\u00f3n, con el fin de garantizar la participaci\u00f3n de la defensa.<\/p>\n<p>A los defensores de familia de Bienestar Familiar se los orient\u00f3 sobre la asistencia que pueden brindar a personas en situaci\u00f3n de vulnerabilidad, \u00a0v\u00edctimas de despojo, especialmente en aquellos casos que involucren menores de edad hu\u00e9rfanos o en situaci\u00f3n de abandono.<\/p>\n<p>Para ampliar la difusi\u00f3n de la Ley 1448 y el proceso de restituci\u00f3n de tierras, las jornadas de socializaci\u00f3n se ampliar\u00e1n al personal de estas entidades en otros municipios de Norte de Santander.<\/p>\n<p>&nbsp; <\/p>\n","protected":false},"excerpt":{"rendered":"<p>C\u00daCUTA.- La atenci\u00f3n a la poblaci\u00f3n vulnerable v\u00edctima del conflicto ser\u00e1 reforzada por la Unidad de Restituci\u00f3n de Tierras mediante capacitaciones a Defensores p\u00fablicos y de familia de Norte de Santander. Los menores de edad y terceros intervinientes u opositores vinculados a procesos de restituci\u00f3n tambi\u00e9n se favorecer\u00e1n. Para aprovechar el contacto que regularmente tiene &hellip;<\/p>\n","protected":false},"author":1,"featured_media":19198,"comment_status":"open","ping_status":"open","sticky":false,"template":"","format":"standard","meta":{"footnotes":""},"categories":[5],"tags":[669],"class_list":["post-19197","post","type-post","status-publish","format-standard","has-post-thumbnail","hentry","category-justicia-transicional","tag-restitucion-de-tierras-en-norte-de-santander"],"_links":{"self":[{"href":"https:\/\/contraluzcucuta.co\/index.php?rest_route=\/wp\/v2\/posts\/19197","targetHints":{"allow":["GET"]}}],"collection":[{"href":"https:\/\/contraluzcucuta.co\/index.php?rest_route=\/wp\/v2\/posts"}],"about":[{"href":"https:\/\/contraluzcucuta.co\/index.php?rest_route=\/wp\/v2\/types\/post"}],"author":[{"embeddable":true,"href":"https:\/\/contraluzcucuta.co\/index.php?rest_route=\/wp\/v2\/users\/1"}],"replies":[{"embeddable":true,"href":"https:\/\/contraluzcucuta.co\/index.php?rest_route=%2Fwp%2Fv2%2Fcomments&post=19197"}],"version-history":[{"count":1,"href":"https:\/\/contraluzcucuta.co\/index.php?rest_route=\/wp\/v2\/posts\/19197\/revisions"}],"predecessor-version":[{"id":19199,"href":"https:\/\/contraluzcucuta.co\/index.php?rest_route=\/wp\/v2\/posts\/19197\/revisions\/19199"}],"wp:featuredmedia":[{"embeddable":true,"href":"https:\/\/contraluzcucuta.co\/index.php?rest_route=\/wp\/v2\/media\/19198"}],"wp:attachment":[{"href":"https:\/\/contraluzcucuta.co\/index.php?rest_route=%2Fwp%2Fv2%2Fmedia&parent=19197"}],"wp:term":[{"taxonomy":"category","embeddable":true,"href":"https:\/\/contraluzcucuta.co\/index.php?rest_route=%2Fwp%2Fv2%2Fcategories&post=19197"},{"taxonomy":"post_tag","embeddable":true,"href":"https:\/\/contraluzcucuta.co\/index.php?rest_route=%2Fwp%2Fv2%2Ftags&post=19197"}],"curies":[{"name":"wp","href":"https:\/\/api.w.org\/{rel}","templated":true}]}}