{"id":19170,"date":"2013-08-27T22:17:22","date_gmt":"2013-08-28T03:17:22","guid":{"rendered":"http:\/\/contraluzcucuta.co\/?p=19170"},"modified":"2013-08-27T22:17:22","modified_gmt":"2013-08-28T03:17:22","slug":"juegos-nacionales-del-magisterio-en-cucuta","status":"publish","type":"post","link":"https:\/\/contraluzcucuta.co\/?p=19170","title":{"rendered":"Juegos Nacionales del Magisterio, en C\u00facuta"},"content":{"rendered":"<p><b>C\u00daCUTA.-<\/b> Quinientos deportistas docentes participaran en los Juegos Nacionales del Magisterio, que se disputar\u00e1n del 7 al 11 de octubre, en C\u00facuta. Las competencias ser\u00e1n en f\u00fatbol, microf\u00fatbol, b\u00e1squetbol y voleibol.<\/p>\n<p>Esta es la tercera ocasi\u00f3n que deportistas aficionados escogen a la capital de Norte de Santander como sede. Recientemente, visitaron la ciudad los trabajadores el\u00e9ctricos y luego los vinculados a las c\u00e1maras de comercio del pa\u00eds.<\/p>\n<p>Los gremios locales asumieron el compromiso de aunar esfuerzos para que la presencia de los deportistas sirva para \u00a0promover los sitios tur\u00edsticos y dar a conocer la gastronom\u00eda, el comercio\u00a0 y el turismo hist\u00f3rico cultural.<\/p>\n<p>Adem\u00e1s, apoyar\u00e1n el desarrollo del certamen en los asuntos de las competencias. Fenalco promover\u00e1 los juegos\u00a0 en los establecimientos de comercio,\u00a0 con el fin que sea un motivo para activar las ventas en\u00a0 la ciudad.<\/p>\n<p>Debido a que en esa semana est\u00e1 programada la semana de receso escolar se espera buen n\u00famero de visitantes.<\/p>\n<p>La secretar\u00eda de Educaci\u00f3n del Departamento, Ludy P\u00e1rez; funcionarios de Indenorte y Comfaoriente y voceros de Cotelco, Corporaci\u00f3n Mixta de Promoci\u00f3n del Norte de Santander y Fenalco adelantar\u00e1n gestiones para permitir el\u00a0 \u00e9xito de los Juegos.<\/p>\n<p>&nbsp;<\/p>\n<p>&nbsp; <\/p>\n","protected":false},"excerpt":{"rendered":"<p>C\u00daCUTA.- Quinientos deportistas docentes participaran en los Juegos Nacionales del Magisterio, que se disputar\u00e1n del 7 al 11 de octubre, en C\u00facuta. Las competencias ser\u00e1n en f\u00fatbol, microf\u00fatbol, b\u00e1squetbol y voleibol. Esta es la tercera ocasi\u00f3n que deportistas aficionados escogen a la capital de Norte de Santander como sede. Recientemente, visitaron la ciudad los trabajadores &hellip;<\/p>\n","protected":false},"author":1,"featured_media":19171,"comment_status":"open","ping_status":"open","sticky":false,"template":"","format":"standard","meta":{"footnotes":""},"categories":[28],"tags":[],"class_list":["post-19170","post","type-post","status-publish","format-standard","has-post-thumbnail","hentry","category-vistazo-deportivo"],"_links":{"self":[{"href":"https:\/\/contraluzcucuta.co\/index.php?rest_route=\/wp\/v2\/posts\/19170","targetHints":{"allow":["GET"]}}],"collection":[{"href":"https:\/\/contraluzcucuta.co\/index.php?rest_route=\/wp\/v2\/posts"}],"about":[{"href":"https:\/\/contraluzcucuta.co\/index.php?rest_route=\/wp\/v2\/types\/post"}],"author":[{"embeddable":true,"href":"https:\/\/contraluzcucuta.co\/index.php?rest_route=\/wp\/v2\/users\/1"}],"replies":[{"embeddable":true,"href":"https:\/\/contraluzcucuta.co\/index.php?rest_route=%2Fwp%2Fv2%2Fcomments&post=19170"}],"version-history":[{"count":1,"href":"https:\/\/contraluzcucuta.co\/index.php?rest_route=\/wp\/v2\/posts\/19170\/revisions"}],"predecessor-version":[{"id":19172,"href":"https:\/\/contraluzcucuta.co\/index.php?rest_route=\/wp\/v2\/posts\/19170\/revisions\/19172"}],"wp:featuredmedia":[{"embeddable":true,"href":"https:\/\/contraluzcucuta.co\/index.php?rest_route=\/wp\/v2\/media\/19171"}],"wp:attachment":[{"href":"https:\/\/contraluzcucuta.co\/index.php?rest_route=%2Fwp%2Fv2%2Fmedia&parent=19170"}],"wp:term":[{"taxonomy":"category","embeddable":true,"href":"https:\/\/contraluzcucuta.co\/index.php?rest_route=%2Fwp%2Fv2%2Fcategories&post=19170"},{"taxonomy":"post_tag","embeddable":true,"href":"https:\/\/contraluzcucuta.co\/index.php?rest_route=%2Fwp%2Fv2%2Ftags&post=19170"}],"curies":[{"name":"wp","href":"https:\/\/api.w.org\/{rel}","templated":true}]}}