{"id":19166,"date":"2013-08-27T21:56:34","date_gmt":"2013-08-28T02:56:34","guid":{"rendered":"http:\/\/contraluzcucuta.co\/?p=19166"},"modified":"2013-08-27T21:56:34","modified_gmt":"2013-08-28T02:56:34","slug":"en-el-2015-los-gramaloteros-estrenaran-municipio","status":"publish","type":"post","link":"https:\/\/contraluzcucuta.co\/?p=19166","title":{"rendered":"En el 2015, los gramaloteros estrenar\u00e1n municipio"},"content":{"rendered":"<p><b>C\u00daCUTA.-<\/b> \u201cLas peticiones y la inconformidad de la comunidad gramalotera son nuestro combustible para trabajar d\u00eda a d\u00eda, noche a noche\u201d en la construcci\u00f3n del municipio, dijo Enrique Maruri, coordinador t\u00e9cnico y social del proyecto de reasentamiento de gramalote, del Fondo de Adaptaci\u00f3n.<\/p>\n<p>De acuerdo con el programa de actividades van paso a paso. En el 2012, se dio la escogencia del lote; el 2013, es el a\u00f1o de los dise\u00f1os y la planeaci\u00f3n; el 2014, ser\u00e1 el a\u00f1o de la construcci\u00f3n, y en el 2015, se cumplir\u00e1 el traslado de la comunidad al nuevo casco urbano.<\/p>\n<p>En cuesti\u00f3n de recursos para devolverles el techo a los damnificados, inicialmente, se apropiaron $ 85.000 millones; despu\u00e9s, hubo partidas adicionales, y hoy hay $ 98.000 millones comprometidos, de los que no se ha invertido el 10 por ciento.<\/p>\n<p>\u201cEcon\u00f3micamente, el proyecto est\u00e1 bien. Tenemos los recursos y los tenemos bien guardados y los estamos ejecutando\u201d, dijo Maruri.<\/p>\n<p><b>\u00bfC\u00f3mo va el proceso de Gramalote?<\/b><\/p>\n<p>Va bien. No le digo que no tenemos dificultades, que no tenemos todos los d\u00edas problemas que resolver, porque es que reasentar un municipio es dif\u00edcil. La semana pasada empezamos la oferta de predios, en Miraflores, contratamos el urbanismo, el acompa\u00f1amiento social est\u00e1 contratado desde mayo con la Universidad de pamplona, la semana pasada otorgamos 60 becas a los gramaloteros. Tenemos un equipo desplegado haciendo acompa\u00f1amiento sicosocial a la comunidad. Estamos haciendo la tarea. Estamos cumpliendo, y no solo eso, estamos absolutamente comprometidos con este proyecto.<\/p>\n<p><b>\u00bfCu\u00e1l es el motivo del inconformismo que hay entre los gramaloteros?<\/b><\/p>\n<p>Esto es doloroso, es dif\u00edcil, es un drama humano. Es una situaci\u00f3n complicada para la comunidad. Si uno se pone en los pantalones de ellos, ve que la situaci\u00f3n es dif\u00edcil. No quiero que se malentienda, sabemos de las dificultades y del drama por el que pasan los gramaloteros, somos solidarios, pero en lo que tiene que ver con el proceso de reasentamiento tenemos que hacerlo bien. No nos podemos equivocar, no podemos escoger un sector para establecer el casco urbano que presente los problemas que hubo en el anterior. Desde diciembre se escogi\u00f3 le lote. El presidente Juan Manuel Santos lo anunci\u00f3, soportado en estudios t\u00e9cnicos. En este momento estamos en la fase de planeaci\u00f3n que va a permitir avanzar en los dise\u00f1os, en el ordenamiento territorial, para que el otro a\u00f1o empecemos la construcci\u00f3n.<\/p>\n<p><b>\u00bfAcaso se fall\u00f3 en que las ilusiones de los gramaloteros se hicieron a corto tiempo y no se les dijo que eran a largo plazo?<\/b><\/p>\n<p>La gerenta del Fondo reconoci\u00f3 que ha faltado comunicaci\u00f3n. Creo que nos ha faltado estar m\u00e1s cerca de la comunidad. Entender mejor cu\u00e1les son sus intereses, qu\u00e9 es lo que le duele. En cualquier proceso de reasentamiento hay gente inconforme, porque este es un proceso dif\u00edcil y doloroso, en el que se toman decisiones que no siempre benefician a todo el mundo. Es normal que haya gente m\u00e1s inc\u00f3moda que otra. Nuestro compromiso es reasentar \u00a0el casco urbano en un suelo que nos asegure que no se repetir\u00e1 la historia.<\/p>\n<p><b>\u00bfEst\u00e1 definido en qu\u00e9 mes del 2015 se entregar\u00e1 la primera casa?<\/b><\/p>\n<p>No. Los trabajos de construcci\u00f3n empezar\u00e1n en el primer trimestre del 2014, con la construcci\u00f3n de la infraestructura vial y de servicios p\u00fablicos. No queremos ser irresponsables de comprometernos con una fecha. En el 2015, esperamos tener avanzado el urbanismo y las viviendas para finales de a\u00f1o.<\/p>\n<p><b>\u00bfCu\u00e1ntas viviendas se construir\u00e1n?<\/b><\/p>\n<p>Puedo dar el n\u00famero de familias, porque parte de lo que tenemos que hacer es el estudio de t\u00edtulos del antiguo casco urbano para saber qui\u00e9nes eran propietarios o poseedores de derechos. El estudio de la universidad Sim\u00f3n Bol\u00edvar se\u00f1ala que hay 974 familias. \u00a0El Ministerio reiter\u00f3 el compromiso de las 400 viviendas de inter\u00e9s social, en buena medida ser\u00eda una alternativa para la poblaci\u00f3n que viv\u00eda en arriendo.<\/p>\n<p><b>RAFAEL ANTONIO PAB\u00d3N<\/b><\/p>\n<p><a href=\"mailto:rafaelpabon58@hotmail.com\">rafaelpabon58@hotmail.com<\/a><\/p>\n<p>&nbsp;<\/p>\n<p>&nbsp; <\/p>\n","protected":false},"excerpt":{"rendered":"<p>C\u00daCUTA.- \u201cLas peticiones y la inconformidad de la comunidad gramalotera son nuestro combustible para trabajar d\u00eda a d\u00eda, noche a noche\u201d en la construcci\u00f3n del municipio, dijo Enrique Maruri, coordinador t\u00e9cnico y social del proyecto de reasentamiento de gramalote, del Fondo de Adaptaci\u00f3n. De acuerdo con el programa de actividades van paso a paso. En &hellip;<\/p>\n","protected":false},"author":1,"featured_media":19167,"comment_status":"open","ping_status":"open","sticky":false,"template":"","format":"standard","meta":{"footnotes":""},"categories":[556,4],"tags":[13],"class_list":["post-19166","post","type-post","status-publish","format-standard","has-post-thumbnail","hentry","category-departamento","category-barra","tag-gramalote"],"_links":{"self":[{"href":"https:\/\/contraluzcucuta.co\/index.php?rest_route=\/wp\/v2\/posts\/19166","targetHints":{"allow":["GET"]}}],"collection":[{"href":"https:\/\/contraluzcucuta.co\/index.php?rest_route=\/wp\/v2\/posts"}],"about":[{"href":"https:\/\/contraluzcucuta.co\/index.php?rest_route=\/wp\/v2\/types\/post"}],"author":[{"embeddable":true,"href":"https:\/\/contraluzcucuta.co\/index.php?rest_route=\/wp\/v2\/users\/1"}],"replies":[{"embeddable":true,"href":"https:\/\/contraluzcucuta.co\/index.php?rest_route=%2Fwp%2Fv2%2Fcomments&post=19166"}],"version-history":[{"count":1,"href":"https:\/\/contraluzcucuta.co\/index.php?rest_route=\/wp\/v2\/posts\/19166\/revisions"}],"predecessor-version":[{"id":19168,"href":"https:\/\/contraluzcucuta.co\/index.php?rest_route=\/wp\/v2\/posts\/19166\/revisions\/19168"}],"wp:featuredmedia":[{"embeddable":true,"href":"https:\/\/contraluzcucuta.co\/index.php?rest_route=\/wp\/v2\/media\/19167"}],"wp:attachment":[{"href":"https:\/\/contraluzcucuta.co\/index.php?rest_route=%2Fwp%2Fv2%2Fmedia&parent=19166"}],"wp:term":[{"taxonomy":"category","embeddable":true,"href":"https:\/\/contraluzcucuta.co\/index.php?rest_route=%2Fwp%2Fv2%2Fcategories&post=19166"},{"taxonomy":"post_tag","embeddable":true,"href":"https:\/\/contraluzcucuta.co\/index.php?rest_route=%2Fwp%2Fv2%2Ftags&post=19166"}],"curies":[{"name":"wp","href":"https:\/\/api.w.org\/{rel}","templated":true}]}}