{"id":19159,"date":"2013-08-25T21:56:02","date_gmt":"2013-08-26T02:56:02","guid":{"rendered":"http:\/\/contraluzcucuta.co\/?p=19159"},"modified":"2013-08-28T09:29:33","modified_gmt":"2013-08-28T14:29:33","slug":"en-el-zulia-se-cocina-un-conflicto-social-impredecible","status":"publish","type":"post","link":"https:\/\/contraluzcucuta.co\/?p=19159","title":{"rendered":"En El Zulia se cocina un conflicto social impredecible"},"content":{"rendered":"<p><b>EL ZULIA \u2013 Norte de Santander.-<\/b> Las comunidades urbana y rural de El Zulia sufren de p\u00e1nico colectivo y se cocina un conflicto social impredecible por los procesos distorsionados de restituci\u00f3n de tierras, que se llevan a cabo desde el 2012, de acuerdo con la microfocalizaci\u00f3n.<\/p>\n<p>Ante esta situaci\u00f3n, el Comit\u00e9 pro defensa de leg\u00edtimos propietarios del valle del r\u00edo Zulia solicit\u00f3 al Procurador General de la Naci\u00f3n, Alejandro Ord\u00f3\u00f1ez Maldonado, intervenir en la Unidad Regional de Restituci\u00f3n de Tierras.<\/p>\n<p>La Asamblea de Norte de Santander y el Concejo de El Zulia adelantaron debates con la presencia de los funcionarios de la Unidad Regional de Restituci\u00f3n de Tierras, Incoder, Defensor\u00eda del Pueblo y secretar\u00edas del Interior y de Desarrollo Econ\u00f3mico departamental.<\/p>\n<p>Los afectados son los parceleros adjudicatarios de predios de la Reforma Agraria y terceros, comparadores de buena fe, de Unidades Agr\u00edcolas Familiares, que tramitaron las transacciones previo autorizaci\u00f3n del Incoder.<\/p>\n<p>Los perjudicados denunciaron una serie de anomal\u00edas y de injusticias que causar\u00e1n impacto socioecon\u00f3mico en la poblaci\u00f3n campesina, que sufre por lo que motiva el paro agrario nacional. No les compran a precios establecidos las cosechas del arroz y la ca\u00f1a de az\u00facar que sufre los vaivenes de las relaciones binacionales.<\/p>\n<p>Motivos de inconformidad de los afectados por la Ley de Restituci\u00f3n de Tierras:<\/p>\n<p><b>1.- Dificultades de parceleros de la reforma agraria<\/b><\/p>\n<p>Que se pretende desconocer los t\u00edtulos registrados que los campesinos poseen por las compras de las parcelas al Incoder (Incora) y que explotan hace m\u00e1s 20 a\u00f1os.\u00a0 Ahora, el Estado (Unidad de Restituci\u00f3n de Tierras) los quiere obligar a contratar abogados para la defensa. La Defensor\u00eda del Pueblo no reconoce su vulnerabilidad para asumir la defensa.<\/p>\n<p><b>2.- Despojos a terceros compradores de buena fe<\/b><\/p>\n<p>Que campesinos, terceros de buena fe, compraron Unidades Agr\u00edcolas Familiares previa autorizaci\u00f3n de venta del Incoder y ahora, mediante mentiras y artima\u00f1as, pretenden aparecer como \u2018v\u00edctimas\u2019 de despojos y \u00a0que vendieron bajo presi\u00f3n de grupos al margen de la ley para recuperar los predios.<\/p>\n<p><b>3.- Transca\u00f1as, predio que siempre ha sido del Estado<\/b><\/p>\n<p>Que en el predio Transca\u00f1as (vereda Astilleros) que siempre ha sido\u00a0 propiedad del Estado, Incora, mediante comodato, fue entregado a la Universidad Francisco de Paula Santander para pr\u00e1cticas agropecuarias y fue abandonado por la presi\u00f3n de grupos al margen de la ley para ser invadido. La propiedad fue trasferida al municipio de El Zulia, actual poseedor. Hoy, se benefician m\u00e1s de 240 familias campesinas que construyeron viviendas con sacrificio y la esperanza de recibir el t\u00edtulo. Incre\u00edblemente, la Unidad de Tierras promueve ante el juez \u00a0la entrega del predio a una supuesta primera invasora para crear un problema social y econ\u00f3mico para el municipio.<\/p>\n<p><b>4.- Inseguridad jur\u00eddica desvaloriza la tierra y ahuyenta el desarrollo agro industrial<\/b><\/p>\n<p>Los procesos que avanzan en la Unidad de Restituci\u00f3n de Tierras pueden afectar a 320 familias campesinas que perder\u00edan parcelas y viviendas. Pero, adem\u00e1s, el Valle del r\u00edo Zulia (C\u00facuta-El Zulia) que cuenta con las mejores tierras agropecuarias del Oriente Colombiano, con el distrito de riego del r\u00edo Zulia y otros minidistritos, jalonan un valioso desarrollo generador de empleo rural.<\/p>\n<p>&nbsp; <\/p>\n","protected":false},"excerpt":{"rendered":"<p>EL ZULIA \u2013 Norte de Santander.- Las comunidades urbana y rural de El Zulia sufren de p\u00e1nico colectivo y se cocina un conflicto social impredecible por los procesos distorsionados de restituci\u00f3n de tierras, que se llevan a cabo desde el 2012, de acuerdo con la microfocalizaci\u00f3n. Ante esta situaci\u00f3n, el Comit\u00e9 pro defensa de leg\u00edtimos &hellip;<\/p>\n","protected":false},"author":1,"featured_media":19160,"comment_status":"open","ping_status":"open","sticky":false,"template":"","format":"standard","meta":{"footnotes":""},"categories":[5,32],"tags":[669],"class_list":["post-19159","post","type-post","status-publish","format-standard","has-post-thumbnail","hentry","category-justicia-transicional","category-recorrido-por-la-region","tag-restitucion-de-tierras-en-norte-de-santander"],"_links":{"self":[{"href":"https:\/\/contraluzcucuta.co\/index.php?rest_route=\/wp\/v2\/posts\/19159","targetHints":{"allow":["GET"]}}],"collection":[{"href":"https:\/\/contraluzcucuta.co\/index.php?rest_route=\/wp\/v2\/posts"}],"about":[{"href":"https:\/\/contraluzcucuta.co\/index.php?rest_route=\/wp\/v2\/types\/post"}],"author":[{"embeddable":true,"href":"https:\/\/contraluzcucuta.co\/index.php?rest_route=\/wp\/v2\/users\/1"}],"replies":[{"embeddable":true,"href":"https:\/\/contraluzcucuta.co\/index.php?rest_route=%2Fwp%2Fv2%2Fcomments&post=19159"}],"version-history":[{"count":2,"href":"https:\/\/contraluzcucuta.co\/index.php?rest_route=\/wp\/v2\/posts\/19159\/revisions"}],"predecessor-version":[{"id":19189,"href":"https:\/\/contraluzcucuta.co\/index.php?rest_route=\/wp\/v2\/posts\/19159\/revisions\/19189"}],"wp:featuredmedia":[{"embeddable":true,"href":"https:\/\/contraluzcucuta.co\/index.php?rest_route=\/wp\/v2\/media\/19160"}],"wp:attachment":[{"href":"https:\/\/contraluzcucuta.co\/index.php?rest_route=%2Fwp%2Fv2%2Fmedia&parent=19159"}],"wp:term":[{"taxonomy":"category","embeddable":true,"href":"https:\/\/contraluzcucuta.co\/index.php?rest_route=%2Fwp%2Fv2%2Fcategories&post=19159"},{"taxonomy":"post_tag","embeddable":true,"href":"https:\/\/contraluzcucuta.co\/index.php?rest_route=%2Fwp%2Fv2%2Ftags&post=19159"}],"curies":[{"name":"wp","href":"https:\/\/api.w.org\/{rel}","templated":true}]}}