{"id":19156,"date":"2013-08-25T21:33:05","date_gmt":"2013-08-26T02:33:05","guid":{"rendered":"http:\/\/contraluzcucuta.co\/?p=19156"},"modified":"2013-08-28T09:30:28","modified_gmt":"2013-08-28T14:30:28","slug":"hay-que-pensar-analizar-proponer-y-actuar","status":"publish","type":"post","link":"https:\/\/contraluzcucuta.co\/?p=19156","title":{"rendered":"Hay que pensar, analizar, proponer y actuar"},"content":{"rendered":"<p>1.- Con desolaci\u00f3n interior\u00a0 y preocupaci\u00f3n sobre el futuro regional y fronterizo, muchos \u00a0captamos y sentimos el silencio inexpresivo de\u00a0 la mayor\u00eda de las personas naturales y jur\u00eddicas \u2013incluyendo las de representaci\u00f3n y responsabilidad\u00a0 comercial, gremial y\u00a0 pol\u00edtica &#8211; que tienen asiento en nuestro medio, por la ausencia\u00a0 de sus insinuaciones, iniciativas y propuestas relacionadas con la creaci\u00f3n de empleo, mayor inversi\u00f3n y desarrollo de planes, programas y proyectos que mejoren y proyecten el desarrollo de esta esquina\u00a0 de la rep\u00fablica, que a gritos\u00a0 de desempleo y pasividad empresarial pide una reorientaci\u00f3n y nuevas y mejores vivencias, ante el reto que significa el porvenir regional y fronterizo.<\/p>\n<p>Hay que destacar ese vac\u00edo que se refleja diariamente\u00a0 en la carencia de informaciones y movimientos en las entidades y asociaciones \u00a0tradicionales y representativas, donde pareciera que no existieran juntas o consejos directivos actuantes, porque no se registra la actuaci\u00f3n de los mismos, ni hay encuentros o citas de reflexi\u00f3n en los centros acad\u00e9micos y formativos, como era lo de esperarse, ante un momento tan complejo y cr\u00edtico, como el actual, cuando los \u00edndices se\u00f1alan que en informalidad superamos el 70 % y el desempleo se ubica sobre el 19 %, sin que ninguna instituci\u00f3n del Gobierno refute o confronte estos resultados, como consecuencia de un desinter\u00e9s o por la inexistencia de sistemas o m\u00e9todos de evaluaci\u00f3n actualizados. Todo esto genera mayor desconcierto, porque no irrumpe la voluntad de trasformaci\u00f3n, ni los deseos de innovaci\u00f3n y\u00a0 cambio.<\/p>\n<p>2.-La propuesta de crear el Centro de Pensamiento y An\u00e1lisis Fronterizo, presentada por el Co-director del Banco de la Republica, C\u00e9sar Vallejo Mej\u00eda, durante su magn\u00edfica exposici\u00f3n en la que rebull\u00f3 el cotarro de la realidad regional y fronteriza, por la falta de uni\u00f3n y de labor compartida y en equipo, para la fijaci\u00f3n de derroteros y consignas a largo, mediano y corto plazo, pareciera que exige otra arremetida y otro sacud\u00f3n, porque lo propuesto que va dirigido en procura de los togados y poseedores de maestr\u00edas y doctorados, as\u00ed como de los expertos que ocupan\u00a0 cargos y puestos de direcci\u00f3n y comando en lo socioecon\u00f3mico y pol\u00edtico, en lo p\u00fablico y privado, a\u00fan le falta cuerpo, porque lo que se anhela no es una tertulia sino\u00a0 hallar\u00a0 gu\u00eda y orientaci\u00f3n sobre lo que se debe hacer,\u00a0 con el concurso\u00a0 y la direcci\u00f3n de los m\u00e1s capaces e ilustrados.<\/p>\n<p>3.-La creaci\u00f3n de est\u00edmulos e incentivos para impulsar la investigaci\u00f3n en las universidades; la desdolarizaci\u00f3n del intercambio;\u00a0 la creaci\u00f3n de mecanismos impulsores del trabajo compartido- como los parques industriales y tecnol\u00f3gicos- y la representatividad y la descentralizaci\u00f3n funcional y operativa, requieren la\u00a0 presencia y la participaci\u00f3n responsable y comprometida\u00a0 de la gente de la\u00a0 regi\u00f3n y de la\u00a0 frontera,.<\/p>\n<p>Por eso, hay que romper la modorra, la pasividad y el silencio, para pensar, analizar, proponer y actuar, porque el futuro est\u00e1 amenazado y pasando por un grave trance.<\/p>\n<p><b>JOS\u00c9 NEIRA REY <\/b><\/p>\n<p><b><a href=\"mailto:jneirarey@hotmail.com\">jneirarey@hotmail.com<\/a><\/b><\/p>\n<p><b>Notas al margen <\/b> <\/p>\n","protected":false},"excerpt":{"rendered":"<p>1.- Con desolaci\u00f3n interior\u00a0 y preocupaci\u00f3n sobre el futuro regional y fronterizo, muchos \u00a0captamos y sentimos el silencio inexpresivo de\u00a0 la mayor\u00eda de las personas naturales y jur\u00eddicas \u2013incluyendo las de representaci\u00f3n y responsabilidad\u00a0 comercial, gremial y\u00a0 pol\u00edtica &#8211; que tienen asiento en nuestro medio, por la ausencia\u00a0 de sus insinuaciones, iniciativas y propuestas relacionadas &hellip;<\/p>\n","protected":false},"author":1,"featured_media":19157,"comment_status":"open","ping_status":"open","sticky":false,"template":"","format":"standard","meta":{"footnotes":""},"categories":[14,6],"tags":[303],"class_list":["post-19156","post","type-post","status-publish","format-standard","has-post-thumbnail","hentry","category-articulistas","category-ojo-avizor","tag-jose-neira-rey"],"_links":{"self":[{"href":"https:\/\/contraluzcucuta.co\/index.php?rest_route=\/wp\/v2\/posts\/19156","targetHints":{"allow":["GET"]}}],"collection":[{"href":"https:\/\/contraluzcucuta.co\/index.php?rest_route=\/wp\/v2\/posts"}],"about":[{"href":"https:\/\/contraluzcucuta.co\/index.php?rest_route=\/wp\/v2\/types\/post"}],"author":[{"embeddable":true,"href":"https:\/\/contraluzcucuta.co\/index.php?rest_route=\/wp\/v2\/users\/1"}],"replies":[{"embeddable":true,"href":"https:\/\/contraluzcucuta.co\/index.php?rest_route=%2Fwp%2Fv2%2Fcomments&post=19156"}],"version-history":[{"count":2,"href":"https:\/\/contraluzcucuta.co\/index.php?rest_route=\/wp\/v2\/posts\/19156\/revisions"}],"predecessor-version":[{"id":19190,"href":"https:\/\/contraluzcucuta.co\/index.php?rest_route=\/wp\/v2\/posts\/19156\/revisions\/19190"}],"wp:featuredmedia":[{"embeddable":true,"href":"https:\/\/contraluzcucuta.co\/index.php?rest_route=\/wp\/v2\/media\/19157"}],"wp:attachment":[{"href":"https:\/\/contraluzcucuta.co\/index.php?rest_route=%2Fwp%2Fv2%2Fmedia&parent=19156"}],"wp:term":[{"taxonomy":"category","embeddable":true,"href":"https:\/\/contraluzcucuta.co\/index.php?rest_route=%2Fwp%2Fv2%2Fcategories&post=19156"},{"taxonomy":"post_tag","embeddable":true,"href":"https:\/\/contraluzcucuta.co\/index.php?rest_route=%2Fwp%2Fv2%2Ftags&post=19156"}],"curies":[{"name":"wp","href":"https:\/\/api.w.org\/{rel}","templated":true}]}}