{"id":19153,"date":"2013-08-25T18:45:56","date_gmt":"2013-08-25T23:45:56","guid":{"rendered":"http:\/\/contraluzcucuta.co\/?p=19153"},"modified":"2013-08-28T09:31:36","modified_gmt":"2013-08-28T14:31:36","slug":"340-ninos-recibieron-kits-escolares","status":"publish","type":"post","link":"https:\/\/contraluzcucuta.co\/?p=19153","title":{"rendered":"340 ni\u00f1os recibieron kits escolares"},"content":{"rendered":"<p><b>C\u00daCUTA.-<\/b> Trescientos cuarenta menores de edad, trabajadores en las calles cucute\u00f1as, recibieron el kit escolar que contiene herramientas para cumplir con las tareas y labores en las aulas de clase.<\/p>\n<p>La labor en equipo vincula a la Alcald\u00eda, la Fundaci\u00f3n Telef\u00f3nica y la Corporaci\u00f3n de Profesionales para el Desarrollo Integral Comunitario Corprodinco. Ahora, los favorecidos estudian en escuelas y colegios p\u00fablicos. La entrega del material es una motivaci\u00f3n para ni\u00f1os y adolescentes.<\/p>\n<p>La uni\u00f3n de esfuerzos permite a las entidades participantes integrarse a las campa\u00f1as contra el papiloma humano, \u00a0vacunaci\u00f3n y \u00a0formaci\u00f3n y educaci\u00f3n contra el consumo de drogas y alcohol.<\/p>\n<p>Las familias de los beneficiados podr\u00e1n vincularse al programa M\u00e1s familias en Acci\u00f3n.<\/p>\n<p>Cada kit contiene lapicero, regla, 10 cuadernos, dos blocs, cartuchera, colores y diccionarios de ingl\u00e9s y de espa\u00f1ol.<\/p>\n<p>Mar\u00eda Stella Contreras Antol\u00ednez, directora de Corprodinco, agradeci\u00f3 el apoyo recibido por la Alcald\u00eda de C\u00facuta, en este programa de erradicaci\u00f3n de las peores formas de trabajo infantil y destac\u00f3 la contrapartida de los $ 50 millones, como importante. 340 ni\u00f1os recibieron kits escolares<\/p>\n<p>La meta de entrega de equipos escolares en el municipio es de 640. Los 300 que faltan se repartir\u00e1n esta semana.<\/p>\n<p>Orlando L\u00f3pez, en representaci\u00f3n del voluntariado de la Fundaci\u00f3n Telef\u00f3nica, agradeci\u00f3 el apoyo e inform\u00f3 que la compa\u00f1\u00eda cuenta con el aplicativo \u2018Aqu\u00ed Estoy\u2019 para reportar lo referente al trabajo infantil.<\/p>\n<p>La gestora social Maribel Cuadros acompa\u00f1\u00f3 la actividad \u00a0y record\u00f3 que los ni\u00f1os deben estudiar y no trabajar. La jornada se cumpli\u00f3 en el Teatro Municipal y alternaron grupos de danzas y esc\u00e9nicos. <\/p>\n","protected":false},"excerpt":{"rendered":"<p>C\u00daCUTA.- Trescientos cuarenta menores de edad, trabajadores en las calles cucute\u00f1as, recibieron el kit escolar que contiene herramientas para cumplir con las tareas y labores en las aulas de clase. La labor en equipo vincula a la Alcald\u00eda, la Fundaci\u00f3n Telef\u00f3nica y la Corporaci\u00f3n de Profesionales para el Desarrollo Integral Comunitario Corprodinco. Ahora, los favorecidos &hellip;<\/p>\n","protected":false},"author":1,"featured_media":19154,"comment_status":"open","ping_status":"open","sticky":false,"template":"","format":"standard","meta":{"footnotes":""},"categories":[36],"tags":[77],"class_list":["post-19153","post","type-post","status-publish","format-standard","has-post-thumbnail","hentry","category-la-voz-del-pueblo","tag-trabajo-infantil"],"_links":{"self":[{"href":"https:\/\/contraluzcucuta.co\/index.php?rest_route=\/wp\/v2\/posts\/19153","targetHints":{"allow":["GET"]}}],"collection":[{"href":"https:\/\/contraluzcucuta.co\/index.php?rest_route=\/wp\/v2\/posts"}],"about":[{"href":"https:\/\/contraluzcucuta.co\/index.php?rest_route=\/wp\/v2\/types\/post"}],"author":[{"embeddable":true,"href":"https:\/\/contraluzcucuta.co\/index.php?rest_route=\/wp\/v2\/users\/1"}],"replies":[{"embeddable":true,"href":"https:\/\/contraluzcucuta.co\/index.php?rest_route=%2Fwp%2Fv2%2Fcomments&post=19153"}],"version-history":[{"count":2,"href":"https:\/\/contraluzcucuta.co\/index.php?rest_route=\/wp\/v2\/posts\/19153\/revisions"}],"predecessor-version":[{"id":19191,"href":"https:\/\/contraluzcucuta.co\/index.php?rest_route=\/wp\/v2\/posts\/19153\/revisions\/19191"}],"wp:featuredmedia":[{"embeddable":true,"href":"https:\/\/contraluzcucuta.co\/index.php?rest_route=\/wp\/v2\/media\/19154"}],"wp:attachment":[{"href":"https:\/\/contraluzcucuta.co\/index.php?rest_route=%2Fwp%2Fv2%2Fmedia&parent=19153"}],"wp:term":[{"taxonomy":"category","embeddable":true,"href":"https:\/\/contraluzcucuta.co\/index.php?rest_route=%2Fwp%2Fv2%2Fcategories&post=19153"},{"taxonomy":"post_tag","embeddable":true,"href":"https:\/\/contraluzcucuta.co\/index.php?rest_route=%2Fwp%2Fv2%2Ftags&post=19153"}],"curies":[{"name":"wp","href":"https:\/\/api.w.org\/{rel}","templated":true}]}}