{"id":19142,"date":"2013-08-25T16:57:36","date_gmt":"2013-08-25T21:57:36","guid":{"rendered":"http:\/\/contraluzcucuta.co\/?p=19142"},"modified":"2013-08-25T16:57:36","modified_gmt":"2013-08-25T21:57:36","slug":"francotirador-hirio-a-patrullero-en-hacari","status":"publish","type":"post","link":"https:\/\/contraluzcucuta.co\/?p=19142","title":{"rendered":"Francotirador hiri\u00f3 a patrullero, en Hacar\u00ed"},"content":{"rendered":"<p><b>HACAR\u00cd &#8211; Norte de Santander<\/b>.- Un francotirador hiri\u00f3 a un patrullero con un tiro de carabina. El uniformado recibi\u00f3 atenci\u00f3n m\u00e9dica oportuna y est\u00e1 fuera de peligro. Los hechos ocurrieron en Hacar\u00ed.<\/p>\n<p>El comandante del Departamento de Polic\u00eda Norte de Santander, coronel Eli\u00e9cer Camacho,\u00a0inform\u00f3 que, el s\u00e1bado a las 11:15 de la noche, el agente prestaba el servicio como centinela en la Estaci\u00f3n de Polic\u00eda.<\/p>\n<p>El patrullero Walter Jes\u00fas Silva Rodr\u00edguez, de 28 a\u00f1os, natural de El Zulia, recibi\u00f3 el impacto en la zona mandibular (tejidos blandos). El herido, que lleva 8 a\u00f1os al servicio de la Polic\u00eda, fue traslado de inmediato a C\u00facuta, donde recibi\u00f3 atenci\u00f3n m\u00e9dica.<\/p>\n<p>Las investigaciones continuar\u00e1n para identificar y capturar al responsable del ataque contra el miembro de la Fuerza P\u00fablica, y determinar a qu\u00e9 grupo subversivo o delincuencial est\u00e1 vinculado.<\/p>\n<p>La Polic\u00eda reafirm\u00f3 el compromiso de preservar la seguridad y convivencia en el pa\u00eds para lograr que los colombianos vivan en paz. <\/p>\n","protected":false},"excerpt":{"rendered":"<p>HACAR\u00cd &#8211; Norte de Santander.- Un francotirador hiri\u00f3 a un patrullero con un tiro de carabina. El uniformado recibi\u00f3 atenci\u00f3n m\u00e9dica oportuna y est\u00e1 fuera de peligro. Los hechos ocurrieron en Hacar\u00ed. El comandante del Departamento de Polic\u00eda Norte de Santander, coronel Eli\u00e9cer Camacho,\u00a0inform\u00f3 que, el s\u00e1bado a las 11:15 de la noche, el agente &hellip;<\/p>\n","protected":false},"author":1,"featured_media":19143,"comment_status":"open","ping_status":"open","sticky":false,"template":"","format":"standard","meta":{"footnotes":""},"categories":[11],"tags":[201,511],"class_list":["post-19142","post","type-post","status-publish","format-standard","has-post-thumbnail","hentry","category-cronica-roja","tag-comandante-de-la-policia-norte-de-santander","tag-coronel-eliecer-camacho"],"_links":{"self":[{"href":"https:\/\/contraluzcucuta.co\/index.php?rest_route=\/wp\/v2\/posts\/19142","targetHints":{"allow":["GET"]}}],"collection":[{"href":"https:\/\/contraluzcucuta.co\/index.php?rest_route=\/wp\/v2\/posts"}],"about":[{"href":"https:\/\/contraluzcucuta.co\/index.php?rest_route=\/wp\/v2\/types\/post"}],"author":[{"embeddable":true,"href":"https:\/\/contraluzcucuta.co\/index.php?rest_route=\/wp\/v2\/users\/1"}],"replies":[{"embeddable":true,"href":"https:\/\/contraluzcucuta.co\/index.php?rest_route=%2Fwp%2Fv2%2Fcomments&post=19142"}],"version-history":[{"count":2,"href":"https:\/\/contraluzcucuta.co\/index.php?rest_route=\/wp\/v2\/posts\/19142\/revisions"}],"predecessor-version":[{"id":19145,"href":"https:\/\/contraluzcucuta.co\/index.php?rest_route=\/wp\/v2\/posts\/19142\/revisions\/19145"}],"wp:featuredmedia":[{"embeddable":true,"href":"https:\/\/contraluzcucuta.co\/index.php?rest_route=\/wp\/v2\/media\/19143"}],"wp:attachment":[{"href":"https:\/\/contraluzcucuta.co\/index.php?rest_route=%2Fwp%2Fv2%2Fmedia&parent=19142"}],"wp:term":[{"taxonomy":"category","embeddable":true,"href":"https:\/\/contraluzcucuta.co\/index.php?rest_route=%2Fwp%2Fv2%2Fcategories&post=19142"},{"taxonomy":"post_tag","embeddable":true,"href":"https:\/\/contraluzcucuta.co\/index.php?rest_route=%2Fwp%2Fv2%2Ftags&post=19142"}],"curies":[{"name":"wp","href":"https:\/\/api.w.org\/{rel}","templated":true}]}}