{"id":19103,"date":"2013-08-20T22:05:24","date_gmt":"2013-08-21T03:05:24","guid":{"rendered":"http:\/\/contraluzcucuta.co\/?p=19103"},"modified":"2013-08-20T22:05:24","modified_gmt":"2013-08-21T03:05:24","slug":"si-continuan-erradicaciones-campesinos-de-el-catatumbo-se-uniran-al-paro","status":"publish","type":"post","link":"https:\/\/contraluzcucuta.co\/?p=19103","title":{"rendered":"Si contin\u00faan erradicaciones, campesinos de El Catatumbo se unir\u00e1n al paro"},"content":{"rendered":"<p><b>C\u00daCUTA.-<\/b> Si contin\u00faan las erradicaciones de los cultivos il\u00edcitos en la regi\u00f3n de El Catatumbo, los campesinos se unir\u00edan al paro agrario ante el incumplimiento de la suspensi\u00f3n de las acciones por parte del presidente Juan Manuel Santos.<\/p>\n<p>El anuncio lo hizo Juan Carlos Quintero, vocero de la Asociaci\u00f3n de Campesinos del Catatumbo, al t\u00e9rmino de la reuni\u00f3n que sostuvieron la comisi\u00f3n t\u00e9cnica del Gobierno y Ascamcat.<\/p>\n<p>\u201cEsperamos que ma\u00f1ana haya una respuesta clara de los viceministros que har\u00e1n presencia en la capital nortesantandereana\u201d, sostuvo el portavoz. Frente a la posici\u00f3n que se asuma, por medio de asambleas que se desarrollar\u00e1n en la zona se evaluar\u00e1 la participaci\u00f3n en la movilizaci\u00f3n nacional.<\/p>\n<p>Los erradicadores se han trasladado hacia las veredas Cuatro Ranchos, El Brandy y Palmas, donde hay campesinos movilizados para detener las acciones que desarrolla el Gobierno.<\/p>\n<p>En un principio aplaudieron el gesto de Santos al aceptar la solicitud del presidente del Senado, Juan Fernando Cristo, y del gobernador Edgar D\u00edaz, de suspender el proceso. En ese momento lo consideraron como un paso para generar confianza y estabilidad en las mesas de conversaciones.<\/p>\n<p>Las declaraciones del l\u00edder campesino se dieron al t\u00e9rmino del encuentro que dur\u00f3 9 horas y en el que se evalu\u00f3 la construcci\u00f3n del censo de las familias afectadas en las fases de erradicaci\u00f3n.<\/p>\n<p>\u201cEste ser\u00eda un mecanismo de coordinaci\u00f3n con la Organizaciones de las Naciones Unidas, por medio de la oficina de Derechos Humanos y la Di\u00f3cesis de Tib\u00fa, teniendo el acompa\u00f1amiento de Ascamcat\u201d, dijo Quintero.<\/p>\n<p>El grupo trabaj\u00f3 en la minuta de la ayuda alimentaria que ofrecer\u00e1 el Gobierno para las comunidades afectadas por la erradicaci\u00f3n en Norte de Santander. Seg\u00fan cifras de los l\u00edderes campesinos, hasta el momento, 350 familias son las perjudicadas.<\/p>\n<p>&nbsp; <\/p>\n","protected":false},"excerpt":{"rendered":"<p>C\u00daCUTA.- Si contin\u00faan las erradicaciones de los cultivos il\u00edcitos en la regi\u00f3n de El Catatumbo, los campesinos se unir\u00edan al paro agrario ante el incumplimiento de la suspensi\u00f3n de las acciones por parte del presidente Juan Manuel Santos. El anuncio lo hizo Juan Carlos Quintero, vocero de la Asociaci\u00f3n de Campesinos del Catatumbo, al t\u00e9rmino &hellip;<\/p>\n","protected":false},"author":1,"featured_media":19104,"comment_status":"open","ping_status":"open","sticky":false,"template":"","format":"standard","meta":{"footnotes":""},"categories":[32],"tags":[710,869],"class_list":["post-19103","post","type-post","status-publish","format-standard","has-post-thumbnail","hentry","category-recorrido-por-la-region","tag-crisis-en-el-catatumbo","tag-paro-agrario"],"_links":{"self":[{"href":"https:\/\/contraluzcucuta.co\/index.php?rest_route=\/wp\/v2\/posts\/19103","targetHints":{"allow":["GET"]}}],"collection":[{"href":"https:\/\/contraluzcucuta.co\/index.php?rest_route=\/wp\/v2\/posts"}],"about":[{"href":"https:\/\/contraluzcucuta.co\/index.php?rest_route=\/wp\/v2\/types\/post"}],"author":[{"embeddable":true,"href":"https:\/\/contraluzcucuta.co\/index.php?rest_route=\/wp\/v2\/users\/1"}],"replies":[{"embeddable":true,"href":"https:\/\/contraluzcucuta.co\/index.php?rest_route=%2Fwp%2Fv2%2Fcomments&post=19103"}],"version-history":[{"count":1,"href":"https:\/\/contraluzcucuta.co\/index.php?rest_route=\/wp\/v2\/posts\/19103\/revisions"}],"predecessor-version":[{"id":19105,"href":"https:\/\/contraluzcucuta.co\/index.php?rest_route=\/wp\/v2\/posts\/19103\/revisions\/19105"}],"wp:featuredmedia":[{"embeddable":true,"href":"https:\/\/contraluzcucuta.co\/index.php?rest_route=\/wp\/v2\/media\/19104"}],"wp:attachment":[{"href":"https:\/\/contraluzcucuta.co\/index.php?rest_route=%2Fwp%2Fv2%2Fmedia&parent=19103"}],"wp:term":[{"taxonomy":"category","embeddable":true,"href":"https:\/\/contraluzcucuta.co\/index.php?rest_route=%2Fwp%2Fv2%2Fcategories&post=19103"},{"taxonomy":"post_tag","embeddable":true,"href":"https:\/\/contraluzcucuta.co\/index.php?rest_route=%2Fwp%2Fv2%2Ftags&post=19103"}],"curies":[{"name":"wp","href":"https:\/\/api.w.org\/{rel}","templated":true}]}}