{"id":19097,"date":"2013-08-20T21:21:43","date_gmt":"2013-08-21T02:21:43","guid":{"rendered":"http:\/\/contraluzcucuta.co\/?p=19097"},"modified":"2013-08-20T21:21:43","modified_gmt":"2013-08-21T02:21:43","slug":"centro-comercial-las-mercedes-se-ofrece-a-los-industriales","status":"publish","type":"post","link":"https:\/\/contraluzcucuta.co\/?p=19097","title":{"rendered":"Centro comercial Las Mercedes se ofrece a los industriales"},"content":{"rendered":"<p><b>C\u00daCUTA.-<\/b> El centro comercial Las Mercedes se construy\u00f3 con una intenci\u00f3n, darles un espacio a los vendedores informales para que dejaran las calles y tuvieran un lugar de trabajo digno. Pasaron los d\u00edas y el proyecto no arranc\u00f3 como tal.<\/p>\n<p>La administraci\u00f3n municipal promovi\u00f3 la venta de los locales, organiz\u00f3 actividades oficiales para llamar la atenci\u00f3n y ofreci\u00f3 precios bajos para permitirles a los ambulantes acceder a los cr\u00e9ditos. Ninguno de los ofrecimientos despert\u00f3 inter\u00e9s entre los vendedores.<\/p>\n<p>Ahora, se pone en marcha otra idea para no desperdiciar las comodidades que pueden encontrarse en la otrora C\u00e1rcel Modelo. Ser\u00e1n los peque\u00f1os y medianos industriales los que tengan prioridad en los locales y los costos aparecen atractivos.<\/p>\n<p>Fabio Huertas es el gerente de promoci\u00f3n del centro comercial Las Mercedes y el encargado de darle vida a la iniciativa salida de los due\u00f1os.<\/p>\n<p><b>\u00bfCu\u00e1l es la nueva idea con el centro comercial?<\/b><\/p>\n<p>La administraci\u00f3n municipal y Cenabastos, que son los due\u00f1os del proyecto, quieren darles la oportunidad a los industriales, peque\u00f1os y medianos, para que tengan un punto de venta; es decir, un local permanente de promoci\u00f3n de los productos. Eso nos permitir\u00eda que mostremos la cara oculta de C\u00facuta que es la industria.<\/p>\n<p><b>\u00bfCu\u00e1ntos locales hay para ofrecerlos?<\/b><\/p>\n<p>En este momento hay 260 locales, de 300. Se han acercado 40 industrias. Invitamos a los productores para que vengan cuanto antes, puesto que las instalaciones son estupendas, tienen vigilancia 24 horas y luz. Pr\u00e1cticamente, solo deben pagar la administraci\u00f3n para ocupar los locales.<\/p>\n<p><b>\u00bfCu\u00e1les productos destacan entre los que han llegado?<\/b><\/p>\n<p>Calzado, marroquiner\u00eda, confecciones, artesan\u00edas y servicios t\u00e9cnicos.<\/p>\n<p><b>\u00bfPor qu\u00e9 no ha pegado el centro comercial?<\/b><\/p>\n<p>No hab\u00eda pegado, porque se hab\u00eda dedicado a los vendedores ambulantes. Ellos no tienen l\u00ednea de producci\u00f3n sino una compraventa sencilla. Ahora, se les est\u00e1 dando la oportunidad de oro a los industriales. En la medida que se muestre la industria, vamos a estar mejor.<\/p>\n<p><b>\u00bfEl cambio de l\u00ednea beneficiar\u00e1 al centro comercial?<\/b><\/p>\n<p>Enormemente, porque aspiramos a que la gente tenga un punto de venta buena y que ma\u00f1ana pueda adquirir el local aprecios de este a\u00f1o.<\/p>\n<p><b>\u00bfLos vendedores ambulantes que han dicho porque los alejan del centro comercial?<\/b><\/p>\n<p>El problema de los vendedores es que hay algunos que son industriales y otros, no. A la persona que no tiene bases de producci\u00f3n no le interesa el local. Le interesa trabajar dos o tres horas, por eso es importante el llamado que hacemos a los industriales, porque sabemos que un porcentaje de esos vendedores ambulantes son peque\u00f1os industriales.<\/p>\n<p><b>\u00bfHasta cu\u00e1ndo va a durar la promoci\u00f3n de $ 1000 mensuales por local?<\/b><\/p>\n<p>Hasta septiembre. Invitamos a los interesados a que vengan cuanto antes. Hay que aprovechar la oportunidad, porque no se repetir\u00e1.<\/p>\n<p><b>\u00bfDespu\u00e9s qu\u00e9 pasar\u00e1?<\/b><\/p>\n<p>Aspiramos a tener lleno el centro comercial. Se est\u00e1 abriendo una ventanita productiva que necesita la ciudad y que a bajos precios puede crearse una cantidad de empleos interesante.<\/p>\n<p><b>\u00bfQu\u00e9 llev\u00f3 a la administraci\u00f3n municipal a presentar esta propuesta?<\/b><\/p>\n<p>En un an\u00e1lisis de premercado nos dimos cuenta de que la gran dificultad de los industriales es el mercadeo. No tienen clientes ni oportunidades para montar un local, pagar arriendo y empleados, en fin. Tener un local significa un gasto gravoso para un peque\u00f1o industrial. Aqu\u00ed se les est\u00e1 dando la oportunidad para que con una suma peque\u00f1a tengan un local con todas las de la ley.<\/p>\n<p><b>RAFAEL ANTONIO PAB\u00d3N<\/b><\/p>\n<p><a href=\"mailto:rafaelpabon58@hotmail.com\">rafaelpabon58@hotmail.com<\/a><\/p>\n<p>&nbsp;<\/p>\n<p>&nbsp; <\/p>\n","protected":false},"excerpt":{"rendered":"<p>C\u00daCUTA.- El centro comercial Las Mercedes se construy\u00f3 con una intenci\u00f3n, darles un espacio a los vendedores informales para que dejaran las calles y tuvieran un lugar de trabajo digno. Pasaron los d\u00edas y el proyecto no arranc\u00f3 como tal. La administraci\u00f3n municipal promovi\u00f3 la venta de los locales, organiz\u00f3 actividades oficiales para llamar la &hellip;<\/p>\n","protected":false},"author":1,"featured_media":19098,"comment_status":"open","ping_status":"open","sticky":false,"template":"","format":"standard","meta":{"footnotes":""},"categories":[541,4],"tags":[868],"class_list":["post-19097","post","type-post","status-publish","format-standard","has-post-thumbnail","hentry","category-ciudad","category-barra","tag-centro-comercial-las-mercedes"],"_links":{"self":[{"href":"https:\/\/contraluzcucuta.co\/index.php?rest_route=\/wp\/v2\/posts\/19097","targetHints":{"allow":["GET"]}}],"collection":[{"href":"https:\/\/contraluzcucuta.co\/index.php?rest_route=\/wp\/v2\/posts"}],"about":[{"href":"https:\/\/contraluzcucuta.co\/index.php?rest_route=\/wp\/v2\/types\/post"}],"author":[{"embeddable":true,"href":"https:\/\/contraluzcucuta.co\/index.php?rest_route=\/wp\/v2\/users\/1"}],"replies":[{"embeddable":true,"href":"https:\/\/contraluzcucuta.co\/index.php?rest_route=%2Fwp%2Fv2%2Fcomments&post=19097"}],"version-history":[{"count":1,"href":"https:\/\/contraluzcucuta.co\/index.php?rest_route=\/wp\/v2\/posts\/19097\/revisions"}],"predecessor-version":[{"id":19099,"href":"https:\/\/contraluzcucuta.co\/index.php?rest_route=\/wp\/v2\/posts\/19097\/revisions\/19099"}],"wp:featuredmedia":[{"embeddable":true,"href":"https:\/\/contraluzcucuta.co\/index.php?rest_route=\/wp\/v2\/media\/19098"}],"wp:attachment":[{"href":"https:\/\/contraluzcucuta.co\/index.php?rest_route=%2Fwp%2Fv2%2Fmedia&parent=19097"}],"wp:term":[{"taxonomy":"category","embeddable":true,"href":"https:\/\/contraluzcucuta.co\/index.php?rest_route=%2Fwp%2Fv2%2Fcategories&post=19097"},{"taxonomy":"post_tag","embeddable":true,"href":"https:\/\/contraluzcucuta.co\/index.php?rest_route=%2Fwp%2Fv2%2Ftags&post=19097"}],"curies":[{"name":"wp","href":"https:\/\/api.w.org\/{rel}","templated":true}]}}