{"id":18978,"date":"2013-08-12T19:37:45","date_gmt":"2013-08-13T00:37:45","guid":{"rendered":"http:\/\/contraluzcucuta.co\/?p=18978"},"modified":"2013-08-12T19:37:45","modified_gmt":"2013-08-13T00:37:45","slug":"recaudados-656-millones-para-poblacion-discapacitada","status":"publish","type":"post","link":"https:\/\/contraluzcucuta.co\/?p=18978","title":{"rendered":"Recaudados $ 65,6 millones para poblaci\u00f3n discapacitada"},"content":{"rendered":"<p><b>C\u00daCUTA.-<\/b> Los nortesantandereanos en condici\u00f3n de discapacidad podr\u00e1n disponer de $ 65,6 millones para la adquisici\u00f3n de ayudas t\u00e9cnicas. El dinero se recaud\u00f3 en la jornada radial promovida por Jes\u00fas Romero, alto consejero para la Poblaci\u00f3n con Discapacidad, por medio de la fundaci\u00f3n\u00a0 Vida y Progreso.<\/p>\n<p>La jornada se cumpli\u00f3, este fin de semana, en C\u00facuta y se extendi\u00f3 por m\u00e1s de 13 horas.<\/p>\n<p>En Norte de Santander hay 85.000 ni\u00f1os y adultos que padecen alguna limitante f\u00edsica y con los recursos se aspira a llegar a un porcentaje significativo para que sean generadores de progreso.<\/p>\n<p>Lo recaudado servir\u00e1 para la asignaci\u00f3n de sillas de ruedas, bastones, cojines, muletas, pr\u00f3tesis, tratamientos m\u00e9dicos y de rehabilitaci\u00f3n, proyectos productivos, educaci\u00f3n, pr\u00e1cticas deportivas y la consolidaci\u00f3n del registro, localizaci\u00f3n y caracterizaci\u00f3n de discapacitados en el departamento.<\/p>\n<p>La campa\u00f1a se promovi\u00f3 con el lema \u2018Ponte en los zapatos De\u2026, la discapacidad merece tu donaci\u00f3n\u2019 y se llev\u00f3 a diferentes municipios para vincular a las administraciones locales a la tarea.<\/p>\n<p>Al final de la jornada se dieron las siguientes voces:<\/p>\n<p><b>1.- Edgar D\u00edaz Contreras, gobernador de Norte de Santander<\/b><\/p>\n<p>Ninguna persona est\u00e1 exenta de sufrir un accidente que limite de alguna forma su desarrollo, por eso es que mediante el dinero donado por cientos de nortesantandereanos se mitigar\u00e1 en algo el efecto de la discapacidad en la regi\u00f3n.<\/p>\n<p><b>2.- Laura C\u00e1ceres, gestora social<\/b><\/p>\n<p>Los habitantes de Norte de Santander deben trabajar unidos y ser solidarios. Este tipo de campa\u00f1a busca cambiar las condiciones de vida de muchos ni\u00f1os, j\u00f3venes y ancianos del departamento.<\/p>\n<p>En la actividad participaron \u00a0Pedro Pallares, Ana Karina Soto, Endry Carde\u00f1o y Marcelo Dos Santos, bandas musicales y artistas culturales, que se vincularon a la iniciativa que logr\u00f3 mover la solidaridad de los nortesantandereanos en beneficio de la poblaci\u00f3n en condici\u00f3n de discapacidad.<\/p>\n<p>&nbsp; <\/p>\n","protected":false},"excerpt":{"rendered":"<p>C\u00daCUTA.- Los nortesantandereanos en condici\u00f3n de discapacidad podr\u00e1n disponer de $ 65,6 millones para la adquisici\u00f3n de ayudas t\u00e9cnicas. El dinero se recaud\u00f3 en la jornada radial promovida por Jes\u00fas Romero, alto consejero para la Poblaci\u00f3n con Discapacidad, por medio de la fundaci\u00f3n\u00a0 Vida y Progreso. La jornada se cumpli\u00f3, este fin de semana, en &hellip;<\/p>\n","protected":false},"author":1,"featured_media":18979,"comment_status":"open","ping_status":"open","sticky":false,"template":"","format":"standard","meta":{"footnotes":""},"categories":[556,4],"tags":[854],"class_list":["post-18978","post","type-post","status-publish","format-standard","has-post-thumbnail","hentry","category-departamento","category-barra","tag-jesus-romero"],"_links":{"self":[{"href":"https:\/\/contraluzcucuta.co\/index.php?rest_route=\/wp\/v2\/posts\/18978","targetHints":{"allow":["GET"]}}],"collection":[{"href":"https:\/\/contraluzcucuta.co\/index.php?rest_route=\/wp\/v2\/posts"}],"about":[{"href":"https:\/\/contraluzcucuta.co\/index.php?rest_route=\/wp\/v2\/types\/post"}],"author":[{"embeddable":true,"href":"https:\/\/contraluzcucuta.co\/index.php?rest_route=\/wp\/v2\/users\/1"}],"replies":[{"embeddable":true,"href":"https:\/\/contraluzcucuta.co\/index.php?rest_route=%2Fwp%2Fv2%2Fcomments&post=18978"}],"version-history":[{"count":1,"href":"https:\/\/contraluzcucuta.co\/index.php?rest_route=\/wp\/v2\/posts\/18978\/revisions"}],"predecessor-version":[{"id":18980,"href":"https:\/\/contraluzcucuta.co\/index.php?rest_route=\/wp\/v2\/posts\/18978\/revisions\/18980"}],"wp:featuredmedia":[{"embeddable":true,"href":"https:\/\/contraluzcucuta.co\/index.php?rest_route=\/wp\/v2\/media\/18979"}],"wp:attachment":[{"href":"https:\/\/contraluzcucuta.co\/index.php?rest_route=%2Fwp%2Fv2%2Fmedia&parent=18978"}],"wp:term":[{"taxonomy":"category","embeddable":true,"href":"https:\/\/contraluzcucuta.co\/index.php?rest_route=%2Fwp%2Fv2%2Fcategories&post=18978"},{"taxonomy":"post_tag","embeddable":true,"href":"https:\/\/contraluzcucuta.co\/index.php?rest_route=%2Fwp%2Fv2%2Ftags&post=18978"}],"curies":[{"name":"wp","href":"https:\/\/api.w.org\/{rel}","templated":true}]}}