{"id":18974,"date":"2013-08-10T22:10:06","date_gmt":"2013-08-11T03:10:06","guid":{"rendered":"http:\/\/contraluzcucuta.co\/?p=18974"},"modified":"2013-08-13T22:34:52","modified_gmt":"2013-08-14T03:34:52","slug":"megacentro-santiago-apostol-un-sitio-para-volver-a-la-vida","status":"publish","type":"post","link":"https:\/\/contraluzcucuta.co\/?p=18974","title":{"rendered":"Megacentro Santiago Ap\u00f3stol, un sitio para volver a la vida"},"content":{"rendered":"<p><b>C\u00daCUTA.-<\/b> Patricia Rodr\u00edguez tiene 46 a\u00f1os, es tecn\u00f3loga en administraci\u00f3n de empresas de la universidad Santo Tom\u00e1s, casada y con hijos. Ahora, tiene otros 38 \u2018hijos de vida\u2019, a los que cuida y orienta como a los que nacieron del matrimonio. Esta semana estren\u00f3 casa y est\u00e1 feliz, porque puede darles techo a esos muchachos que conoci\u00f3 por su labor misional.<\/p>\n<p>Esta cucute\u00f1a es la directora del Megacentro Santiago Ap\u00f3stol, en el barrio La Carolina. Para comprender a estos j\u00f3venes, a los que quiere alejar del mundo de las drogas, aplica las herramientas aprendidas en casa. \u201cMi herramienta fuerte es trabajar con ellos como trabaj\u00e9 con mis hijos. Quererlos y sentirlos como los hijos de vida\u201d.<\/p>\n<p>La afabilidad queda a un lado al defender a los inquilinos del Centro Permanente \u2018J\u00f3venes para Grandes Cosas\u2019. \u201cNo son peligrosos\u201d, lo dijo con decisi\u00f3n para que se termine el estigma. \u201cEl com\u00fan de la sociedad siempre piensa que son agresivos y peligrosos, pero no\u201d.<\/p>\n<p>El problema base que arrastran no es el consumo de alucin\u00f3genos. El problema parte del hogar, donde han sido maltratados por diversas razones. Algunos, son ni\u00f1os no deseados. Estas situaciones los lleva a esconderse detr\u00e1s de las drogas. \u201cLa droga no es el problema, simplemente es la muestra de que hay un problema de base en la familia\u201d.<\/p>\n<p>Parte de los 14 o 18 a\u00f1os, la han pasado en la calle. En esta nueva casa, grande, amplia, tienen las comodidades que no disfrutaron en el hogar. El inmueble cuenta con 39 habitaciones, 22 ba\u00f1os, cocina, comedor, pr\u00f3ximamente, tendr\u00e1 \u00a0cancha m\u00faltiple.<\/p>\n<p>El mantenimiento y sostenimiento resultan costosos. \u201cSi entr\u00e1ramos a pagar el alquiler de la casa no podr\u00edamos. Son millones\u201d. Por cada joven el Instituto Colombiano de Bienestar Familiar paga un cupo. Pero a la hora de gastar, los recursos son insuficientes. Otra manera de sostenerse es mediante auxilios externos.<\/p>\n<p>Los muchachos participan en dos programas:<\/p>\n<p><b>1.- Centro de emergencia.<\/b> Es transitorio. Vienen por 10 d\u00edas, mientras se ubica a la familia y se hace el restablecimiento del v\u00ednculo familiar. En este momento hay cinco cupos en esa modalidad.<\/p>\n<p><b>2.- Internado, restablecimiento de derechos en conflicto con la ley.<\/b> Son j\u00f3venes que pasan a hacer procesos de entre tres y seis meses. Son enviados por defensores de menores y llegan con problemas de drogas sicoactivas.<\/p>\n<p>El Megacentro es orientado por la fundaci\u00f3n El Faro. A Patricia Rodr\u00edguez se le meti\u00f3 en la cabeza que la organizaci\u00f3n pod\u00eda abrir sede en C\u00facuta y lo propuso al director general, el padre Buritic\u00e1. El sacerdote accedi\u00f3 ante la insistencia y abri\u00f3 la \u2018sucursal\u2019 en el 2010.<\/p>\n<p>Al principio, la casa estaba en Santa Cecilia, en cercan\u00edas del Casd, en un inmueble en comodato con la Gobernaci\u00f3n. La administraci\u00f3n departamental dio por terminado el contrato sin explicaciones. La Alcald\u00eda de C\u00facuta acogi\u00f3 el proyecto. El deseo es que haya entre 150 y 200 j\u00f3venes.<\/p>\n<p>El nombre de Santiago Ap\u00f3stol obedece a dos razones. Primera, la fundaci\u00f3n siempre les pone nombres de santos a las casas. Es el protector de los muchachos. Segunda, en agradecimiento al alcalde Donamaris Ram\u00edrez se escogi\u00f3 el nombre de su hijo Santiago.<\/p>\n<p>\u201cSoy nacida en C\u00facuta, quiero a mi tierra, me gusta trabajar por esta poblaci\u00f3n y estoy totalmente comprometida con estos programas. Para estar aqu\u00ed se debe tener el deseo de ayudar y de aprender a amar a esta poblaci\u00f3n\u201d.<\/p>\n<p>Patricia Rodr\u00edguez lleg\u00f3 por casualidad, o por causalidades y coincidencias, como prefiere llamarlo. Entr\u00f3 como voluntaria para dictar clases de artes manuales e ingl\u00e9s; luego, a ofrecer talleres, y, ahora, es la directora. La acompa\u00f1a un equipo cl\u00ednico conformado por una sicol\u00f3ga, una terapeuta ocasional, una trabajadora social, dos pedagogas, dos trabajadores terap\u00e9uticos, una odont\u00f3loga y un m\u00e9dico. \u201cHay j\u00f3venes salidos de la fundaci\u00f3n que llegan para cumplir apoyo, los fines de semana. Es un equipo cl\u00ednico bien conformado\u201d.<\/p>\n<p><b>RAFAEL ANTONIO PAB\u00d3N<\/b><\/p>\n<p><a href=\"mailto:rafaelpabon58@hotmail.com\">rafaelpabon58@hotmail.com<\/a><\/p>\n<p>&nbsp;<\/p>\n<p>&nbsp; <\/p>\n","protected":false},"excerpt":{"rendered":"<p>C\u00daCUTA.- Patricia Rodr\u00edguez tiene 46 a\u00f1os, es tecn\u00f3loga en administraci\u00f3n de empresas de la universidad Santo Tom\u00e1s, casada y con hijos. Ahora, tiene otros 38 \u2018hijos de vida\u2019, a los que cuida y orienta como a los que nacieron del matrimonio. Esta semana estren\u00f3 casa y est\u00e1 feliz, porque puede darles techo a esos muchachos &hellip;<\/p>\n","protected":false},"author":1,"featured_media":18975,"comment_status":"open","ping_status":"open","sticky":false,"template":"","format":"standard","meta":{"footnotes":""},"categories":[10,36],"tags":[853],"class_list":["post-18974","post","type-post","status-publish","format-standard","has-post-thumbnail","hentry","category-cronicas","category-la-voz-del-pueblo","tag-megacentro-santiago-apostol"],"_links":{"self":[{"href":"https:\/\/contraluzcucuta.co\/index.php?rest_route=\/wp\/v2\/posts\/18974","targetHints":{"allow":["GET"]}}],"collection":[{"href":"https:\/\/contraluzcucuta.co\/index.php?rest_route=\/wp\/v2\/posts"}],"about":[{"href":"https:\/\/contraluzcucuta.co\/index.php?rest_route=\/wp\/v2\/types\/post"}],"author":[{"embeddable":true,"href":"https:\/\/contraluzcucuta.co\/index.php?rest_route=\/wp\/v2\/users\/1"}],"replies":[{"embeddable":true,"href":"https:\/\/contraluzcucuta.co\/index.php?rest_route=%2Fwp%2Fv2%2Fcomments&post=18974"}],"version-history":[{"count":2,"href":"https:\/\/contraluzcucuta.co\/index.php?rest_route=\/wp\/v2\/posts\/18974\/revisions"}],"predecessor-version":[{"id":19026,"href":"https:\/\/contraluzcucuta.co\/index.php?rest_route=\/wp\/v2\/posts\/18974\/revisions\/19026"}],"wp:featuredmedia":[{"embeddable":true,"href":"https:\/\/contraluzcucuta.co\/index.php?rest_route=\/wp\/v2\/media\/18975"}],"wp:attachment":[{"href":"https:\/\/contraluzcucuta.co\/index.php?rest_route=%2Fwp%2Fv2%2Fmedia&parent=18974"}],"wp:term":[{"taxonomy":"category","embeddable":true,"href":"https:\/\/contraluzcucuta.co\/index.php?rest_route=%2Fwp%2Fv2%2Fcategories&post=18974"},{"taxonomy":"post_tag","embeddable":true,"href":"https:\/\/contraluzcucuta.co\/index.php?rest_route=%2Fwp%2Fv2%2Ftags&post=18974"}],"curies":[{"name":"wp","href":"https:\/\/api.w.org\/{rel}","templated":true}]}}