{"id":18966,"date":"2013-08-10T20:54:17","date_gmt":"2013-08-11T01:54:17","guid":{"rendered":"http:\/\/contraluzcucuta.co\/?p=18966"},"modified":"2013-08-10T20:54:17","modified_gmt":"2013-08-11T01:54:17","slug":"efemerides-cucutenas-de-agosto","status":"publish","type":"post","link":"https:\/\/contraluzcucuta.co\/?p=18966","title":{"rendered":"EFEM\u00c9RIDES CUCUTE\u00d1AS DE AGOSTO"},"content":{"rendered":"<p>EFEM\u00c9RIDES CUCUTE\u00d1AS DE AGOSTO<\/p>\n<p>A.\u00a0\u00a0\u00a0\u00a0\u00a0\u00a0\u00a0 Efem\u00e9rides<\/p>\n<p><b>Hace 70 a\u00f1os<\/b><\/p>\n<p>Agosto de 1943&#8230; (Tomadas del peri\u00f3dico El Trabajo)<\/p>\n<p>A.\u00a0\u00a0\u00a0\u00a0\u00a0\u00a0\u00a0 3: Homenaje p\u00fablico al historiador Luis Gabriel Castro por la publicaci\u00f3n del libro \u2018La capital de la Gran Colombia\u2019.<\/p>\n<p>B.\u00a0\u00a0\u00a0\u00a0\u00a0\u00a0\u00a0 12: La Sociedad Mutuo Auxilio inici\u00f3 el prop\u00f3sito de construirle un monumento al Dr. Erasmo Meoz.<\/p>\n<p>C.\u00a0\u00a0\u00a0\u00a0\u00a0\u00a0\u00a0 15. El Director Municipal de Estad\u00edstica Municipal inform\u00f3: Nacimientos en junio: 219, y en julio 200. Defunciones en junio: 128, y en julio 140. Matrimonios en Julio: 27.<\/p>\n<p>&nbsp;<\/p>\n<p><b>Hace 65 a\u00f1os<\/b><\/p>\n<p>Agosto de 1948\u2026 (Tomadas del peri\u00f3dico Sagitario)<\/p>\n<p>A.\u00a0\u00a0\u00a0\u00a0\u00a0\u00a0\u00a0 3. Las tiendas de la ciudad no tienen cigarrillos para la venta porque en la oficina de Rentas departamentales se acabaron las estampillas.<\/p>\n<p>B.\u00a0\u00a0\u00a0\u00a0\u00a0\u00a0\u00a0 5. El Alcalde de C\u00facuta, capit\u00e1n Cuervo Araoz, autoriz\u00f3 la venta del litro de leche a $0,30 centavos.<\/p>\n<p>C.\u00a0\u00a0\u00a0\u00a0\u00a0\u00a0\u00a0 21. Se cre\u00f3 el Sindicato de Electricistas de N. de S. Presidente: Abel Ram\u00f3n Su\u00e1rez; Vicepresidente: Hern\u00e1n Gonz\u00e1lez; Tesorero: Otoniel Jaimes, y, Secretario: Hermes F. Su\u00e1rez.<\/p>\n<p>D.\u00a0\u00a0\u00a0\u00a0\u00a0\u00a0\u00a0 28. Por disposici\u00f3n de la Alcald\u00eda, se fij\u00f3 como zona de estacionamiento para los buses que viajan a Villa del Rosario y San Antonio del T\u00e1chira, la calle 13 entre avenidas 6\u00aa y 7\u00aa.<\/p>\n<p>&nbsp;<\/p>\n<p><b>Hace 60 a\u00f1os<\/b><\/p>\n<p>Agosto de 1953\u2026 (Tomadas del peri\u00f3dico El Trabajo)<\/p>\n<p>A.\u00a0\u00a0\u00a0\u00a0\u00a0\u00a0\u00a0 1\u00ba: Por la presencia de la fiebre aftosa fueron suspendidas las ferias de C\u00facuta, inform\u00f3 el jefe de diagn\u00f3stico de aftosa del Ministerio de Agricultura.<\/p>\n<p>B.\u00a0\u00a0\u00a0\u00a0\u00a0\u00a0\u00a0 4: El bazar desarrollado a beneficio del C\u00facuta Deportivo produjo $30.000 de ganancias.<\/p>\n<p>&nbsp;<\/p>\n<p><b>Hace 55 a\u00f1os<\/b><\/p>\n<p>Agosto de 1958\u2026 (Tomadas del peri\u00f3dico\u00a0 Diario de La Frontera)<\/p>\n<p>A.\u00a0\u00a0\u00a0\u00a0\u00a0\u00a0\u00a0 5. La oficina recaudadora del impuesto C\u00edvico Pro-Hospital San Juan de Dios, recogi\u00f3 hasta el 31 de julio, $24.380,53.<\/p>\n<p>B.\u00a0\u00a0\u00a0\u00a0\u00a0\u00a0\u00a0 7. Con la posesi\u00f3n en la presidencia de Alberto Lleras Camargo se inici\u00f3 el Frente Nacional.<\/p>\n<p>C.\u00a0\u00a0\u00a0\u00a0\u00a0\u00a0\u00a0 17. Reapareci\u00f3 el semanario cucute\u00f1o \u2018Comentarios\u2019 bajo la direcci\u00f3n de Iv\u00e1n Villalobos. Hab\u00eda dejado de funcionar desde la designaci\u00f3n de Jos\u00e9 Manuel Villalobos como C\u00f3nsul de Colombia en Vigo (Espa\u00f1a).<\/p>\n<p>D.\u00a0\u00a0\u00a0\u00a0\u00a0\u00a0\u00a0 12. La camioneta de placa 00-36, asignada al Secretario de Hacienda del municipio Gustavo Rodr\u00edguez, quien la hab\u00eda dejado estacionada frente al parque Mercedes \u00c1brego, fue robada.<\/p>\n<p>E.\u00a0\u00a0\u00a0\u00a0\u00a0\u00a0\u00a0 14. Los basquetbolistas cucute\u00f1os Carlos D\u00edaz, \u2018Pipo\u2019 G\u00f3mez y Luis Eduardo Castro Lobo, participaran en el Campeonato Nacional de B\u00e1squet de Venezuela, representando equipos de ese pa\u00eds.<\/p>\n<p>F.\u00a0\u00a0\u00a0\u00a0\u00a0\u00a0\u00a0 15. Inaugurado el Almac\u00e9n Ley\u00a0 de C\u00facuta, en la esquina de la calle 12 con avenida 5\u00aa.<\/p>\n<p>G.\u00a0\u00a0\u00a0\u00a0\u00a0\u00a0\u00a0 26. El Administrador de Hacienda\u00a0 Nacional, N\u00e9stor Mu\u00f1oz Sarmiento inform\u00f3 que $253.714,61 fue el total recaudado en el mes de julio.<\/p>\n<p>&nbsp;<\/p>\n<p><b>Hace 50 a\u00f1os<\/b><\/p>\n<p>Agosto de 1963&#8230; (Tomadas del peri\u00f3dico La Opini\u00f3n)<\/p>\n<p>A.\u00a0\u00a0\u00a0\u00a0\u00a0\u00a0\u00a0 10: La cantante cucute\u00f1a Mar\u00eda Helena Olivares, parti\u00f3 rumbo a Italia.<\/p>\n<p>B.\u00a0\u00a0\u00a0\u00a0\u00a0\u00a0\u00a0 15: Se constituy\u00f3 la Corporaci\u00f3n Financiera Colombiana, filial N. de S., y el Dr. Jos\u00e9 Luis Acero Jord\u00e1n, fue nombrado primer director.<\/p>\n<p>C.\u00a0\u00a0\u00a0\u00a0\u00a0\u00a0\u00a0 16: Inaugurada la sucursal del Banco Ganadero en C\u00facuta.<\/p>\n<p>D.\u00a0\u00a0\u00a0\u00a0\u00a0\u00a0\u00a0 28. Se celebr\u00f3 en la ciudad el d\u00eda de los novios, fecha escogida por Fenalco, seccional.<\/p>\n<p>E.\u00a0\u00a0\u00a0\u00a0\u00a0\u00a0\u00a0 31. Roque Mora empez\u00f3 a dirigir la p\u00e1gina de Deportes de La Opini\u00f3n.<\/p>\n<p>&nbsp;<\/p>\n<p><b>Hace 45 a\u00f1os<\/b><\/p>\n<p>Agosto de 1968\u2026 (Tomadas del peri\u00f3dico La Opini\u00f3n)<\/p>\n<p>A.\u00a0\u00a0\u00a0\u00a0\u00a0\u00a0\u00a0 1: Reacci\u00f3n mundial por la enc\u00edclica \u2018Humanae Vitae\u2019 del Papa Paulo VI, sobre el control de la natalidad.<\/p>\n<p>B.\u00a0\u00a0\u00a0\u00a0\u00a0\u00a0\u00a0 2: Jes\u00fas David Quintana, cantante cucute\u00f1o, se coloc\u00f3 como el de mayor demanda en el mercado nacional, por la ventas logradas por la canci\u00f3n \u2018Cuando sal\u00ed de Cuba\u2019.<\/p>\n<p>C.\u00a0\u00a0\u00a0\u00a0\u00a0\u00a0\u00a0 2: Por $35 millones, Telecom adquiri\u00f3 la Empresa de Tel\u00e9fonos de N. de S.<\/p>\n<p>D.\u00a0\u00a0\u00a0\u00a0\u00a0\u00a0\u00a0 1: Comenz\u00f3 a funcionar bajo la responsabilidad de la seccional de la Asociaci\u00f3n Nacional de Rectores de colegios privados, una Caja de Compensaci\u00f3n Familiar, Andercop.<\/p>\n<p>E.\u00a0\u00a0\u00a0\u00a0\u00a0\u00a0\u00a0 3: Se orden\u00f3\u00a0 la inscripci\u00f3n en el Seguro Obligatorio de invalidez, vejez y muerte, de los patronos y los trabajadores en los municipios de C\u00facuta, Villa del Rosario y El Zulia.<\/p>\n<p>F.\u00a0\u00a0\u00a0\u00a0\u00a0\u00a0\u00a0 5: La resoluci\u00f3n 026 del 1\u00ba de agosto, de la Direcci\u00f3n de Tr\u00e1nsito y Transportes de C\u00facuta, prohibi\u00f3 el estacionamiento de veh\u00edculos en la avenida 0, entre la Diagonal Santander y la calle 10.<\/p>\n<p>G.\u00a0\u00a0\u00a0\u00a0\u00a0\u00a0\u00a0 9. Exitosamente se cumpli\u00f3 la carrera de observaci\u00f3n automovil\u00edstica organizada por la C\u00e1mara Juniors de C\u00facuta.<\/p>\n<p>H.\u00a0\u00a0\u00a0\u00a0\u00a0\u00a0\u00a0 11. La Asamblea General de CENS, reeligi\u00f3 al ing. Alberto estrada Vega en la gerencia de la empresa.<\/p>\n<p>I.\u00a0\u00a0\u00a0\u00a0\u00a0\u00a0\u00a0\u00a0 14. El cucute\u00f1o \u2018Burrito\u2019 Gonz\u00e1lez particip\u00f3 en los Juegos Ol\u00edmpicos de M\u00e9xico.<\/p>\n<p>J.\u00a0\u00a0\u00a0\u00a0\u00a0\u00a0\u00a0\u00a0 13. La pareja matrimonial conformada por Nepomuceno Mora Castellanos y Ver\u00f3nica Delgado Duarte (Con 11 hijos, de La Garita), representar\u00e1 a Colombia en el encuentro con el Papa Paulo VI.<\/p>\n<p>K.\u00a0\u00a0\u00a0\u00a0\u00a0\u00a0\u00a0 15. El alcalde de C\u00facuta, Eustorgio Colmenares baptista, inaugur\u00f3 la \u2018Ciudadela del Ni\u00f1o\u2019, creada por Acuerdo del Concejo. Alejandrina Vda. de Prada, primera directora.<\/p>\n<p>L.\u00a0\u00a0\u00a0\u00a0\u00a0\u00a0\u00a0\u00a0 22. Inici\u00f3 la visita del papa Paulo VI a Colombia.<\/p>\n<p>M.\u00a0\u00a0\u00a0\u00a0\u00a0\u00a0 25. La Loter\u00eda de C\u00facuta puso al servicio el parqueadero de la calle 10, entre avenidas 0 y 1\u00aa.<\/p>\n<p>N.\u00a0\u00a0\u00a0\u00a0\u00a0\u00a0\u00a0 EL 2 de sept. Se inaugur\u00f3 el ICSS.<\/p>\n<p>&nbsp;<\/p>\n<p><b>Hace 40 a\u00f1os<\/b><\/p>\n<p>Agosto de 1973\u2026 (Tomadas del peri\u00f3dico La Opini\u00f3n)<\/p>\n<p>A.\u00a0\u00a0\u00a0\u00a0\u00a0\u00a0\u00a0 2: Por escasez se s\u00e9molas y harinas, paran f\u00e1bricas de pastas y panader\u00edas de C\u00facuta.<\/p>\n<p>B.\u00a0\u00a0\u00a0\u00a0\u00a0\u00a0\u00a0 4: Alirio S\u00e1nchez Mendoza tom\u00f3 posesi\u00f3n como rector del colegio Municipal de bachillerato.<\/p>\n<p>C.\u00a0\u00a0\u00a0\u00a0\u00a0\u00a0\u00a0 7: El Dr. Jorge Ladr\u00f3n de Guevara, funcionario del Intra, entreg\u00f3 al gobierno municipal el estudio para la colocaci\u00f3n de sem\u00e1foros en la ciudad.<\/p>\n<p>D.\u00a0\u00a0\u00a0\u00a0\u00a0\u00a0\u00a0 9. El ministro de Obras P\u00fablicas, Argelino Dur\u00e1n Quintero, inaugur\u00f3 la carretera entre Pamplona y Cucutilla.<\/p>\n<p>E.\u00a0\u00a0\u00a0\u00a0\u00a0\u00a0\u00a0 28. Exaltado trabajo cient\u00edfico presentado por el m\u00e9dico Alberto Duarte Contreras en el Seminario de la Academia Nacional de Medicina realizado en Bogot\u00e1.<\/p>\n<p>F.\u00a0\u00a0\u00a0\u00a0\u00a0\u00a0\u00a0 30. Eleonora Mart\u00edn fue nombrada Se\u00f1orita C\u00facuta.<\/p>\n<p>&nbsp;<\/p>\n<p><b>Hace 35 a\u00f1os<\/b><\/p>\n<p>Agosto de 1978\u2026 (Tomadas del peri\u00f3dico La Opini\u00f3n)<\/p>\n<p>A.\u00a0\u00a0\u00a0\u00a0\u00a0\u00a0\u00a0 1: Mar\u00eda Margarita Silva de Uribe fue designada Gerente Regional del ISS.<\/p>\n<p>B.\u00a0\u00a0\u00a0\u00a0\u00a0\u00a0\u00a0 1: Inaugurado el edificio para laboratorios semipesados de la UFPS.<\/p>\n<p>C.\u00a0\u00a0\u00a0\u00a0\u00a0\u00a0\u00a0 1: Iniciaron los vuelos C\u00facuta-Oca\u00f1a a las 2:15 p.m., de lunes a s\u00e1bado por la empresa Tavina.<\/p>\n<p>D.\u00a0\u00a0\u00a0\u00a0\u00a0\u00a0\u00a0 2: Iniciaron los trabajos de pavimentaci\u00f3n de la ave. 8E en el barrio Guaimaral.<\/p>\n<p>E.\u00a0\u00a0\u00a0\u00a0\u00a0\u00a0\u00a0 5: Inaugurada la primera bodega de la Zona Franca de C\u00facuta, construida en un \u00e1rea de 1.550 mts2.<\/p>\n<p>F.\u00a0\u00a0\u00a0\u00a0\u00a0\u00a0\u00a0 6. Muri\u00f3 el Papa Paulo VI.<\/p>\n<p>G.\u00a0\u00a0\u00a0\u00a0\u00a0\u00a0\u00a0 7. Se posesion\u00f3 el presidente Julio Cesar Turbay Ayala.<\/p>\n<p>H.\u00a0\u00a0\u00a0\u00a0\u00a0\u00a0\u00a0 9.\u00a0 La Junta Directiva de la Beneficencia de N. de S., aprob\u00f3 la construcci\u00f3n de dos teatros de car\u00e1cter popular en los barrios Juan Atalaya y Guaimaral.<\/p>\n<p>I.\u00a0\u00a0\u00a0\u00a0\u00a0\u00a0\u00a0\u00a0 12. El Secretario Ejecutivo de la C\u00e1mara de Comercio de C\u00facuta, Pedro Sayago, inform\u00f3 que se construir\u00e1 una torre de 8 pisos a un costo a $15 millones.<\/p>\n<p>J.\u00a0\u00a0\u00a0\u00a0\u00a0\u00a0\u00a0\u00a0 17. Mar\u00eda Isabel Meza Galvis, fue elegida Se\u00f1orita C\u00facuta.<\/p>\n<p>K.\u00a0\u00a0\u00a0\u00a0\u00a0\u00a0\u00a0 18. Sa\u00fal Ojeda fue designado director del Sena en C\u00facuta.<\/p>\n<p>L.\u00a0\u00a0\u00a0\u00a0\u00a0\u00a0\u00a0\u00a0 19. Jorge Villamizar fue designado gobernador de N. de S.<\/p>\n<p>M.\u00a0\u00a0\u00a0\u00a0\u00a0\u00a0 20. El ex alcalde de C\u00facuta, Luis Ra\u00fal Rodr\u00edguez Lamus, fue elegido Presidente del Concejo de Bogot\u00e1.<\/p>\n<p>N.\u00a0\u00a0\u00a0\u00a0\u00a0\u00a0\u00a0 27. El cardenal Albino Luciani fue elegido papa, tom\u00f3 el nombre de Juan Pablo I.<\/p>\n<p>&nbsp;<\/p>\n<p><b>Hace 30 a\u00f1os<\/b><\/p>\n<p>Agosto de 1983\u2026 (Tomadas del peri\u00f3dico La Opini\u00f3n)<\/p>\n<p>A.\u00a0\u00a0\u00a0\u00a0\u00a0\u00a0\u00a0 1. La gobernadora Margarita Silva de Uribe present\u00f3 renuncia protocolaria del cargo.<\/p>\n<p>B.\u00a0\u00a0\u00a0\u00a0\u00a0\u00a0\u00a0 2: El magistrado Fabio Pe\u00f1aranda Ortega tom\u00f3 posesi\u00f3n como Presidente del Tribunal Superior de C\u00facuta.<\/p>\n<p>C.\u00a0\u00a0\u00a0\u00a0\u00a0\u00a0\u00a0 3. Gumnavia Viana, de la comunidad ind\u00edgena Arauca, descendiente de los Tayronas, recibi\u00f3 el t\u00edtulo de enfermera, convirti\u00e9ndose en la primera nativa enfermera de Colombia.<\/p>\n<p>D.\u00a0\u00a0\u00a0\u00a0\u00a0\u00a0\u00a0 4. El gobierno nacional cre\u00f3 la Secretar\u00eda\u00a0 de Asuntos Fronterizos y encarg\u00f3 al Consejero Presidencial David Barbosa Mutiz, del nuevo organismo.<\/p>\n<p>E.\u00a0\u00a0\u00a0\u00a0\u00a0\u00a0\u00a0 5. Sergio Entrena L\u00f3pez, economista nortesantandereano, fue designado vicepresidente ejecutivo de la Confederaci\u00f3n de C\u00e1maras de Comercio.<\/p>\n<p>F.\u00a0\u00a0\u00a0\u00a0\u00a0\u00a0\u00a0 8. Los altos mandos militares concedieron al m\u00e9dico nortesantandereano, Gilberto Clavijo Contreras, la orden al m\u00e9rito sanitario \u2018Jos\u00e9 Fern\u00e1ndez Madrid\u2019, especialista en cirug\u00eda cardiovascular.<\/p>\n<p>G.\u00a0\u00a0\u00a0\u00a0\u00a0\u00a0\u00a0 9. Inaugurado el parque Ntra. Sra. de Las angustias en el barrio Santander.<\/p>\n<p>H.\u00a0\u00a0\u00a0\u00a0\u00a0\u00a0\u00a0 10. Ampliada a dos carriles por cada lado, la v\u00eda principal de Los Patios.<\/p>\n<p>I.\u00a0\u00a0\u00a0\u00a0\u00a0\u00a0\u00a0\u00a0 20. Clemente Franco Galvis fue designado gobernador de N. de S. Se posesion\u00f3 el 29.<\/p>\n<p>J.\u00a0\u00a0\u00a0\u00a0\u00a0\u00a0\u00a0\u00a0 20. Inaugurado el busto del maestro El\u00edas M. Soto, en un parque que est\u00e1 en la v\u00eda de acceso al puente que lleva su nombre. Lo elabor\u00f3 el artista Carlos Cormane. Todo fue iniciativa de Jos\u00e9 Antonio Rubio.<\/p>\n<p>K.\u00a0\u00a0\u00a0\u00a0\u00a0\u00a0\u00a0 23. Con champa\u00f1a fue bautizado el libro \u2018G\u00e9nesis de Salazar\u2019 escrito por Ram\u00f3n C\u00e1rdenas Silva.<\/p>\n<p>L.\u00a0\u00a0\u00a0\u00a0\u00a0\u00a0\u00a0\u00a0 29. Luis Vicente Serrano Silva designado Alcalde de C\u00facuta.<\/p>\n<p>&nbsp;<\/p>\n<p><b>Hace 25 a\u00f1os<\/b><\/p>\n<p>Agosto de 1988\u2026 (Tomadas del peri\u00f3dico La Opini\u00f3n)<\/p>\n<p>A.\u00a0\u00a0\u00a0\u00a0\u00a0\u00a0\u00a0 1: La Alcald\u00eda de C\u00facuta rescatar\u00e1 un \u00e1rea de terreno de 500 mts2., que estaba entre el Palacio Municipal y el almac\u00e9n Ley. Lo convertir\u00e1 en plazoleta.<\/p>\n<p>B.\u00a0\u00a0\u00a0\u00a0\u00a0\u00a0\u00a0 2: Germ\u00e1n Guerrero Vargas, del grupo de Integraci\u00f3n Liberal fue elegido Presidente del Concejo de C\u00facuta.<\/p>\n<p>C.\u00a0\u00a0\u00a0\u00a0\u00a0\u00a0\u00a0 5. La Sociedad Colombina de Arquitectos, seccional N. de S., cumpli\u00f3 25 a\u00f1os.<\/p>\n<p>D.\u00a0\u00a0\u00a0\u00a0\u00a0\u00a0\u00a0 6. El m\u00e9dico cient\u00edfico pamplon\u00e9s Carlos Hugo Espinel, descubri\u00f3 un m\u00e9todo con el cual se podr\u00e1 detectar la hipertensi\u00f3n ocasionada por el consumo de Sodio. Trabaja en Nueva York.<\/p>\n<p>E.\u00a0\u00a0\u00a0\u00a0\u00a0\u00a0\u00a0 6. Creada la Confederaci\u00f3n de Trabajadores Democr\u00e1ticos de Colombia, CTDC.<\/p>\n<p>F.\u00a0\u00a0\u00a0\u00a0\u00a0\u00a0\u00a0 15. El Consejo de Monumentos Nacionales expidi\u00f3 la Resoluci\u00f3n 005 de 1988, \u2018por el cual se inscribe como parte del Patrimonio Hist\u00f3rico y Art\u00edstico de la naci\u00f3n, la casa de la Hacienda Iscal\u00e1, ubicada en Chin\u00e1cota (N. de S.).<\/p>\n<p>G.\u00a0\u00a0\u00a0\u00a0\u00a0\u00a0\u00a0 16. Inaugurada la capilla de la Virgen de Torcoroma en el barrio El Rosal de C\u00facuta.<\/p>\n<p>H.\u00a0\u00a0\u00a0\u00a0\u00a0\u00a0\u00a0 21. Domingo, de 7:00 a.m. a 1:00 p.m., inici\u00f3 la ciclo v\u00eda en la margen derecha de la avenida Los Libertadores. Decreto 286 del 9 de agosto de 1988. V del puente San Rafael al puente Jorge Gait\u00e1n Dur\u00e1n.<\/p>\n<p>I.\u00a0\u00a0\u00a0\u00a0\u00a0\u00a0\u00a0\u00a0 29. Inaugurada la sede de Concasa en la avenida Cero entre calles 13 y 14. Martha Stella de Echeverri, gerente.<\/p>\n<p>J.\u00a0\u00a0\u00a0\u00a0\u00a0\u00a0\u00a0\u00a0 31. Carlos Eduardo Ram\u00edrez Montoya, nuevo Director del Erasmo Meoz.<\/p>\n<p>&nbsp;<\/p>\n<p><b>Hace 20 a\u00f1os<\/b><\/p>\n<p>Agosto de 1993\u2026 (Tomadas del peri\u00f3dico La Opini\u00f3n)<\/p>\n<p>A.\u00a0\u00a0\u00a0\u00a0\u00a0\u00a0\u00a0 3: La inflaci\u00f3n en Julio fue de 1,23%.<\/p>\n<p>B.\u00a0\u00a0\u00a0\u00a0\u00a0\u00a0\u00a0 6: Lleg\u00f3 a Oca\u00f1a, el nuevo Obispo, Jorge Enrique Lozano Zafra.<\/p>\n<p>C.\u00a0\u00a0\u00a0\u00a0\u00a0\u00a0\u00a0 4: El gobernador \u00c1lvaro Salgar entreg\u00f3 a do\u00f1a Esther Ossa de Colmenares la Resoluci\u00f3n del Consejo Directivo de la UFPS, mediante la cual se oficializ\u00f3 la designaci\u00f3n del Auditorio del centro educativo con el nombre de \u2018Eustorgio Colmenares Baptista\u2019.<\/p>\n<p>D.\u00a0\u00a0\u00a0\u00a0\u00a0\u00a0\u00a0 7. Guillermo Ch\u00e1vez Cristancho, Representante a la C\u00e1mara por N. de S., fue elegido Presidente de la Comisi\u00f3n de \u00e9tica de esa corporaci\u00f3n.<\/p>\n<p>E.\u00a0\u00a0\u00a0\u00a0\u00a0\u00a0\u00a0 9. El Director Seccional de Fiscal\u00edas de N. de S. Jaime Armando Prieto Ort\u00edz, fue asesinado en Ibagu\u00e9.<\/p>\n<p>F.\u00a0\u00a0\u00a0\u00a0\u00a0\u00a0\u00a0 12. Por decisi\u00f3n del Congreso de la Rep\u00fablica, el Ministro de Comercio Exterior, Juan Manuel Santos se convirti\u00f3 el mi\u00e9rcoles 11 de agosto, en el \u00faltimo Designado, una formula de sucesi\u00f3n presidencial que desaparecer\u00e1 en 1994.<\/p>\n<p>G.\u00a0\u00a0\u00a0\u00a0\u00a0\u00a0\u00a0 12. El abogado economista Jos\u00e9 Neira Rey fue designado C\u00f3nsul de Colombia en Helsinki (Finlandia).<\/p>\n<p>H.\u00a0\u00a0\u00a0\u00a0\u00a0\u00a0\u00a0 16. Delia Zulay G\u00f3mez Quintero, representante de Chin\u00e1cota fue elegida Se\u00f1orita N. de S.<\/p>\n<p>I.\u00a0\u00a0\u00a0\u00a0\u00a0\u00a0\u00a0\u00a0 20. A las 4:00 p.m. aterriz\u00f3 en las pistas del Camilo Daza, un Jet de la empresa Intercontinental, luego de dos meses de suspensi\u00f3n. Para la \u00e9poca el pasaje a Bogot\u00e1 ten\u00eda un costo de $28.702.<\/p>\n<p>&nbsp;<\/p>\n<p><b>Hace 10 a\u00f1os<\/b><\/p>\n<p>Agosto de 2003\u2026 (Tomadas del peri\u00f3dico La Opini\u00f3n)<\/p>\n<p>A.\u00a0\u00a0\u00a0\u00a0\u00a0\u00a0\u00a0 1: El teatro Avenida y los Cinemas 1 y2, cerraron sus puertas. 17 personas quedaron sin trabajo.<\/p>\n<p>B.\u00a0\u00a0\u00a0\u00a0\u00a0\u00a0\u00a0 1: Inici\u00f3 emisiones el Noticiero de C\u00facuta en el TRO.<\/p>\n<p>C.\u00a0\u00a0\u00a0\u00a0\u00a0\u00a0\u00a0 2. La crisis econ\u00f3mica de C\u00facuta \u2018golpea con fuerza\u2019 a los clubes sociales de la ciudad.<\/p>\n<p>D.\u00a0\u00a0\u00a0\u00a0\u00a0\u00a0\u00a0 3. El colegio Sagrado Coraz\u00f3n de Jes\u00fas, de C\u00facuta, celebr\u00f3 100 a\u00f1os en la ciudad.<\/p>\n<p>E.\u00a0\u00a0\u00a0\u00a0\u00a0\u00a0\u00a0 6. Seg\u00fan el Dane, C\u00facuta es la ciudad m\u00e1s barata del pa\u00eds. El costo de vida en Julio fue de -0,37%<\/p>\n<p>F.\u00a0\u00a0\u00a0\u00a0\u00a0\u00a0\u00a0 8. Inaugurado el Hospital Jorge Cristo Sahium en Villa del Rosario.<\/p>\n<p>G.\u00a0\u00a0\u00a0\u00a0\u00a0\u00a0\u00a0 10. La yudoka cucute\u00f1a Liseth Johanna Orozco Pallares, obtuvo para Colombia la medalla de bronce en la categor\u00eda 48 kgrs, en los Juegos Panamericanos de Santo Domingo.<\/p>\n<p>H.\u00a0\u00a0\u00a0\u00a0\u00a0\u00a0\u00a0 12. Fue asesinado en el interior de una buseta, el veedor Pedro Dur\u00e1n Franco.<\/p>\n<p>I.\u00a0\u00a0\u00a0\u00a0\u00a0\u00a0\u00a0\u00a0 21. La Polic\u00eda Nacional reasumi\u00f3 la vigilancia en los municipios Silos, C\u00e1cota y Chitag\u00e1.<\/p>\n<p>J.\u00a0\u00a0\u00a0\u00a0\u00a0\u00a0\u00a0\u00a0 24. Fue asesinado Juan de Jes\u00fas Orduz S\u00e1nchez, edil de la Comuna 6, y ex presidente de la Asociaci\u00f3n de Ediles de C\u00facuta.<\/p>\n<p>K.\u00a0\u00a0\u00a0\u00a0\u00a0\u00a0\u00a0 29. Tib\u00fa qued\u00f3 aislado por la voladura de tres puentes que est\u00e1n en la v\u00eda C\u00facuta-Tib\u00fa.<\/p>\n<p>L.\u00a0\u00a0\u00a0\u00a0\u00a0\u00a0\u00a0\u00a0 31. 100 a\u00f1os de la primera motocicleta en el mundo.<\/p>\n<p>&nbsp;<\/p>\n<p><b>Hace 5 a\u00f1os<\/b><\/p>\n<p>Agosto de 2008\u2026 (Tomadas del peri\u00f3dico La Opini\u00f3n)<\/p>\n<p>A.\u00a0\u00a0\u00a0\u00a0\u00a0\u00a0\u00a0 1. El Fiscal General de la naci\u00f3n, inaugur\u00f3 el Centro de Atenci\u00f3n Inmediata a v\u00edctimas del abuso sexual (Caivas) y el Centro de Atenci\u00f3n a V\u00edctimas de Violencia Intrafamiliar (Cavif).<\/p>\n<p>B.\u00a0\u00a0\u00a0\u00a0\u00a0\u00a0\u00a0 1. Inaugurada la IV Feria del Libro en C\u00facuta.<\/p>\n<p>C.\u00a0\u00a0\u00a0\u00a0\u00a0\u00a0\u00a0 1. Se public\u00f3 el listado de los accionistas mayoritarios del C\u00facuta Deportivo<\/p>\n<p>D.\u00a0\u00a0\u00a0\u00a0\u00a0\u00a0\u00a0 1. Inici\u00f3 labores la Nueva EPS.<\/p>\n<p>E.\u00a0\u00a0\u00a0\u00a0\u00a0\u00a0\u00a0 12. A los 83 a\u00f1os muri\u00f3 Orlando Flas Borda.<\/p>\n<p>F.\u00a0\u00a0\u00a0\u00a0\u00a0\u00a0\u00a0 14. El embajador de Francia, Jean-Michel Marlaud visit\u00f3 la ciudad y el municipio de Lourdes.<\/p>\n<p>G.\u00a0\u00a0\u00a0\u00a0\u00a0\u00a0\u00a0 15. Un a\u00f1o cumpli\u00f3 el Centro Comercial Ventura Plaza (9 de agosto de 2007).<\/p>\n<p>H.\u00a0\u00a0\u00a0\u00a0\u00a0\u00a0\u00a0 22. 11 gandolas venezolanas llegaron a C\u00facuta con combustible venezolano correspondientes al Esquema de Exportaci\u00f3n a N. de S.<\/p>\n<p>I.\u00a0\u00a0\u00a0\u00a0\u00a0\u00a0\u00a0\u00a0 21. Fue dada al servicio la intersecci\u00f3n vial \u2018Arnulfo Brice\u00f1o\u2019.<\/p>\n<p>J.\u00a0\u00a0\u00a0\u00a0\u00a0\u00a0\u00a0\u00a0 26. An\u00edbal \u2018El ma\u00f1o\u2019 Ru\u00edz, nuevo Director T\u00e9cnico del C\u00facuta Deportivo. Reemplaza a Pedro Sarmiento.<\/p>\n<p>K.\u00a0\u00a0\u00a0\u00a0\u00a0\u00a0\u00a0 26. Comenzaron a tanquear los primeros veh\u00edculos de C\u00facuta con gasolina venezolana, legalmente importada.<\/p>\n<p>L.\u00a0\u00a0\u00a0\u00a0\u00a0\u00a0\u00a0\u00a0 27. 4 a\u00f1os de la muerte de Juan Jos\u00e9 Pita.<\/p>\n<p>&nbsp;<\/p>\n<p><b>OTRAS EFEM\u00c9RIDES: <\/b><\/p>\n<p>Hace 120 a\u00f1os. Agosto 7 de 1893. Inauguraci\u00f3n de la estatua de Santander en el parque del mismo nombre en C\u00facuta.<\/p>\n<p>Hace 107 a\u00f1os. Agosto 7 de 1906. Inauguraci\u00f3n de la primera iglesia de San Jos\u00e9 de C\u00f3rdoba, hoy, Durania.<\/p>\n<p>Hace 101 a\u00f1os. Agosto 19 de 1912. Circul\u00f3 el primer autom\u00f3vil por las calles de C\u00facuta.<\/p>\n<p>Hace 99 a\u00f1os. Agosto 27 de 1914. Primer accidente automovil\u00edstico en C\u00facuta.<\/p>\n<p>Hace 84 a\u00f1os. Agosto 7 de 1929. Inauguraci\u00f3n del cable a\u00e9reo Oca\u00f1a-Gamarra<\/p>\n<p>Hace 79 a\u00f1os. Agosto 4 de 1934. Inaugurado el aeropuerto \u2018Videlso\u2019 En Los Patios.<\/p>\n<p>Hace 79 a\u00f1os. Agosto 22 de 1934. El vicario general de la Di\u00f3cesis de Pamplona, Francisco de Paula Cort\u00e9s, fund\u00f3 en C\u00facuta la \u2018Acci\u00f3n Cat\u00f3lica\u2019.<\/p>\n<p>Hace 75 a\u00f1os. Agosto 18 de 1938. Fue instalado el Colegio de Abogados de Norte de Santander.<\/p>\n<p>Hace 73 a\u00f1os. Agosto 3 de 1940. Fundaci\u00f3n del Club Cazadores.<\/p>\n<p>Hace 66 a\u00f1os. Agosto 7 de 1947. Fundaci\u00f3n de \u2018Fenalco\u2019 en C\u00facuta.<\/p>\n<p>Hace 63 a\u00f1os. Agosto 5 de 1950. Inauguraci\u00f3n del puente \u2018Mariano Ospina P\u00e9rez\u2019 sobre el r\u00edo Zulia.<\/p>\n<p>Hace 62 a\u00f1os. Agosto 1 de 1951. Creada la Prelatura de Tib\u00fa.<\/p>\n<p>Hace 60 a\u00f1os. Agosto 11 de 1953. Llegan a C\u00facuta la Misioneras de la Madre Laura.<\/p>\n<p>Hace 58 a\u00f1os. Agosto 18 de 1955. Se inauguraron las oficinas del Banco Cafetero en C\u00facuta<\/p>\n<p>Hace 57 a\u00f1os. Agosto 29 de 1956. Inauguraci\u00f3n de la Di\u00f3cesis de C\u00facuta.<\/p>\n<p>Hace 51 a\u00f1os. Agosto 7 de 1962. Inauguraci\u00f3n del Bosque Popular.<\/p>\n<p>Hace 47 a\u00f1os. Agosto 11 de 1966. Virgilio Barco Vargas fue nombrado Alcalde de Bogot\u00e1.<\/p>\n<p>Hace 47 a\u00f1os. Agosto 13 de 1966. La Opini\u00f3n traslad\u00f3 sus oficinas y talleres frente al lugar donde funcion\u00f3 por m\u00e1s de 6 a\u00f1os. La Quinta Yesm\u00edn es la nueva sede, local que durante varios a\u00f1os ocup\u00f3 el Centro Colombo-Americano.<\/p>\n<p>Hace 47 a\u00f1os. Agosto 23 de 1966. Eustorgio Colmenares Baptista fue nombrado alcalde de C\u00facuta<\/p>\n<p>Hace 43 a\u00f1os. Agosto 3 de 1970. Inaugurado el Inem en C\u00facuta.<\/p>\n<p>Hace 42 a\u00f1os. Agosto 12 de 1971. Carlos Ram\u00edrez Par\u00eds, asumi\u00f3 la jefatura de ventas de publicidad de La Opini\u00f3n.<\/p>\n<p>Hace 41 a\u00f1os. Agosto 28 de 1972. El gerente del Intra, Luis Vicente Serrano Silva, entreg\u00f3 a la ciudad las primeras diez motocicletas para los fiscales de Tr\u00e1nsito.<\/p>\n<p>Hace 39 a\u00f1os. Agosto 9 de 1974. Fidelia Villamizar fue designada Gobernadora de Norte de Santander. Fue la primera mujer en asumir el cargo.<\/p>\n<p>Hace 37 a\u00f1os. Agosto 18 de 1976. \u00c1lvaro Riascos, miembro de la Sociedad de Mejoras P\u00fablicas, propuso la construcci\u00f3n de un parqueadero subterr\u00e1neo en el parque Santander.<\/p>\n<p>Hace 35 a\u00f1os. Agosto 10 de 1978. Mediante el Decreto 210, fue creada la condecoraci\u00f3n \u2018Juana Rangel de Cu\u00e9llar\u2019.<\/p>\n<p>Hace 28 a\u00f1os. Agosto 23 de 1985. Creada la parroquia de Nuestra Se\u00f1ora de Lima en el barrio El Salado.<\/p>\n<p>Hace 25 a\u00f1os. Agosto 24 de 1988. La Resoluci\u00f3n Ejecutiva 135 del Ministerio de Agricultura, siendo presidente el cucute\u00f1o Virgilio Barco Vargas, cre\u00f3 el \u00c1rea Natural \u00danica de Los Estoraques, en el municipio La Playa de Bel\u00e9n.<\/p>\n<p>&nbsp;<\/p>\n<p><b>A.\u00a0\u00a0\u00a0\u00a0\u00a0\u00a0\u00a0 Natalicios<\/b><\/p>\n<p>Agosto 16 de 1829. 184 a\u00f1os. Pbro. Justo Pastor Arias, su coraz\u00f3n est\u00e1 disecado en la sacrist\u00eda de la capilla del Carmen.<\/p>\n<p>Agosto 8 de 1858. 155 a\u00f1os. General Virgilio Barco Maldonado<\/p>\n<p>Agosto 25 de 1894. 119 a\u00f1os. Monse\u00f1or Luis P\u00e9rez Hern\u00e1ndez<\/p>\n<p>Agosto 14 de 1895. 118 a\u00f1os. Don Aziz Abrajim Elcure<\/p>\n<p>Agosto 19 de 1896. 117 a\u00f1os. Don Luis Gabriel Castro<\/p>\n<p>Agosto 27 de 1912. 101 a\u00f1os. Don Antonio Garc\u00eda-Herreros<\/p>\n<p>Agosto 27 de 1923. 90 a\u00f1os. Eduardo Ram\u00edrez Villamizar<\/p>\n<p>Agosto 18 de 1928. 85 a\u00f1os. Eduardo Cote Lamus<\/p>\n<p>Agosto 12 de 1916. 97 a\u00f1os. Oriol Rangel<\/p>\n<p>&nbsp;<\/p>\n<p><b>B.\u00a0\u00a0\u00a0\u00a0\u00a0\u00a0\u00a0 Fallecimientos<\/b><\/p>\n<p>Agosto 14 de 1919. 94 a\u00f1os. Margario Quintero J\u00e1come, m\u00e9dico oca\u00f1ero<\/p>\n<p>Agosto 27 de 1931. 82 a\u00f1os. Jos\u00e9 Rafael Unda<\/p>\n<p>Agosto 3 de 1964. 49 a\u00f1os. Eduardo Cote Lamus<\/p>\n<p>Agosto 10 de 1968. 45 a\u00f1os. Don Antonio Copello Baptista<\/p>\n<p>Agosto 3 de 1969. 44 a\u00f1os. Luis Parra Bol\u00edvar<\/p>\n<p>Agosto 30 de 1975. 38 a\u00f1os. Ing. Emilio Gait\u00e1n Mart\u00edn<\/p>\n<p>Agosto 31 de 1979. 34 a\u00f1os. Pbro. Daniel Jord\u00e1n<\/p>\n<p>Agosto 19 de 1980. 33 a\u00f1os. Mons. Pablo Correa Le\u00f3n<\/p>\n<p>Agosto 21 de 1982. 31 a\u00f1os. Pbro. Eduardo Trujillo Guti\u00e9rrez<\/p>\n<p>Agosto 4 de 1984. 29 a\u00f1os. Pablo Tarazona Prada<\/p>\n<p>Agosto 13 de 1996. 17 a\u00f1os. Pbro. Alfonso Blanco Ram\u00edrez<\/p>\n<p>Agosto 23 de 2004. 9 a\u00f1os. Eduardo Ram\u00edrez Villamizar<\/p>\n<p>&nbsp;<\/p>\n<p>&nbsp;<\/p>\n<p><b>PARA TENER EN CUENTA<\/b><\/p>\n<p>&nbsp;<\/p>\n<p>El 21 de octubre se cumplen 200 a\u00f1os de la muerte de la hero\u00edna nortesantandereana Mercedes \u00c1brego<\/p>\n<p>&nbsp;<\/p>\n<p>El 8 de octubre\u00a0 se cumplen 60 a\u00f1os de la muerte del artista cucute\u00f1o Salvador Moreno<\/p>\n<p>&nbsp;<\/p>\n<p>El 14 de octubre se cumplen 45 a\u00f1os de la muerte del poeta nortesantandereano Teodoro Guti\u00e9rrez Calder\u00f3n<\/p>\n<p>&nbsp;<\/p>\n<p>&nbsp; <\/p>\n","protected":false},"excerpt":{"rendered":"<p>EFEM\u00c9RIDES CUCUTE\u00d1AS DE AGOSTO A.\u00a0\u00a0\u00a0\u00a0\u00a0\u00a0\u00a0 Efem\u00e9rides Hace 70 a\u00f1os Agosto de 1943&#8230; (Tomadas del peri\u00f3dico El Trabajo) A.\u00a0\u00a0\u00a0\u00a0\u00a0\u00a0\u00a0 3: Homenaje p\u00fablico al historiador Luis Gabriel Castro por la publicaci\u00f3n del libro \u2018La capital de la Gran Colombia\u2019. B.\u00a0\u00a0\u00a0\u00a0\u00a0\u00a0\u00a0 12: La Sociedad Mutuo Auxilio inici\u00f3 el prop\u00f3sito de construirle un monumento al Dr. Erasmo Meoz. C.\u00a0\u00a0\u00a0\u00a0\u00a0\u00a0\u00a0 &hellip;<\/p>\n","protected":false},"author":1,"featured_media":18967,"comment_status":"open","ping_status":"open","sticky":false,"template":"","format":"standard","meta":{"footnotes":""},"categories":[403],"tags":[852],"class_list":["post-18966","post","type-post","status-publish","format-standard","has-post-thumbnail","hentry","category-efemerides","tag-efemerides-de-cucuta-agosto"],"_links":{"self":[{"href":"https:\/\/contraluzcucuta.co\/index.php?rest_route=\/wp\/v2\/posts\/18966","targetHints":{"allow":["GET"]}}],"collection":[{"href":"https:\/\/contraluzcucuta.co\/index.php?rest_route=\/wp\/v2\/posts"}],"about":[{"href":"https:\/\/contraluzcucuta.co\/index.php?rest_route=\/wp\/v2\/types\/post"}],"author":[{"embeddable":true,"href":"https:\/\/contraluzcucuta.co\/index.php?rest_route=\/wp\/v2\/users\/1"}],"replies":[{"embeddable":true,"href":"https:\/\/contraluzcucuta.co\/index.php?rest_route=%2Fwp%2Fv2%2Fcomments&post=18966"}],"version-history":[{"count":1,"href":"https:\/\/contraluzcucuta.co\/index.php?rest_route=\/wp\/v2\/posts\/18966\/revisions"}],"predecessor-version":[{"id":18968,"href":"https:\/\/contraluzcucuta.co\/index.php?rest_route=\/wp\/v2\/posts\/18966\/revisions\/18968"}],"wp:featuredmedia":[{"embeddable":true,"href":"https:\/\/contraluzcucuta.co\/index.php?rest_route=\/wp\/v2\/media\/18967"}],"wp:attachment":[{"href":"https:\/\/contraluzcucuta.co\/index.php?rest_route=%2Fwp%2Fv2%2Fmedia&parent=18966"}],"wp:term":[{"taxonomy":"category","embeddable":true,"href":"https:\/\/contraluzcucuta.co\/index.php?rest_route=%2Fwp%2Fv2%2Fcategories&post=18966"},{"taxonomy":"post_tag","embeddable":true,"href":"https:\/\/contraluzcucuta.co\/index.php?rest_route=%2Fwp%2Fv2%2Ftags&post=18966"}],"curies":[{"name":"wp","href":"https:\/\/api.w.org\/{rel}","templated":true}]}}