{"id":18953,"date":"2013-08-10T20:18:17","date_gmt":"2013-08-11T01:18:17","guid":{"rendered":"http:\/\/contraluzcucuta.co\/?p=18953"},"modified":"2013-08-10T20:18:17","modified_gmt":"2013-08-11T01:18:17","slug":"300-empresarios-y-emprendedores-asistieron-a-colombia-prospera","status":"publish","type":"post","link":"https:\/\/contraluzcucuta.co\/?p=18953","title":{"rendered":"300 empresarios y emprendedores asistieron a \u2018Colombia Prospera\u2019"},"content":{"rendered":"<p><b>C\u00daCUTA.-<\/b> M\u00e1s de 300 emprendedores y empresarios de Norte de Santander participaron en el programa \u2018Colombia Prospera\u2019, con la expectativa de conocer la oferta de las entidades gubernamentales en materia de desarrollo, empleo y competitividad.<\/p>\n<p>El proyecto es un indicador de la voluntad colectiva entre gobierno y empresas por superar la crisis econ\u00f3mica que para algunos peque\u00f1os y medianos empresarios tiene s\u00edntomas de asfixia, dijo el secretario general de la Gobernaci\u00f3n, Gregorio Angarita.<\/p>\n<p>El Gobierno ha ofrecido a los medianos y peque\u00f1os empresarios de la regi\u00f3n, por intermedio de Bancoldex, cr\u00e9ditos por \u00a0$ 130.000 millones, para permitir la generaci\u00f3n de empleo.<\/p>\n<p>En el departamento sigue fortaleci\u00e9ndose la b\u00fasqueda de mercados internacionales, m\u00e1s all\u00e1 de Venezuela, y diversificando los productos de exportaci\u00f3n.<\/p>\n<p>La administraci\u00f3n departamental espera que m\u00e1s iniciativas como esta permitan impulsar el desarrollo, sobre todo en El Catatumbo, donde se necesitan mayor atenci\u00f3n y promoci\u00f3n para hacerla crecer y sacarla adelante.<\/p>\n<p>Un aspecto relevante dentro del espacio que desarrolla el Ministerio de Industria, Comercio y Turismo para llegar a las regiones, se centra en la posibilidad de una evaluaci\u00f3n peri\u00f3dica que permita trabajar de la mano con las industrias.<\/p>\n<p>\u201cSuperar estos tiempos de crisis es el compromiso, y desde la Gobernaci\u00f3n no hemos ahorrado esfuerzos y gesti\u00f3n para dar significativos pasos que nos permitan dinamizar las actividades econ\u00f3micas que en esta tierra de todos, se desarrolla\u201d, expres\u00f3 Angarita Lamk.<\/p>\n<p>Camilo Montes Pineda,\u00a0 director de productividad y competitividad del Ministerio de Comercio, dijo que\u00a0 esta es una\u00a0 jornada en la que \u00a0los servicios para el desarrollo se ponen a disposici\u00f3n de los empresarios nortesantandereanos. Acceso a la financiaci\u00f3n, mercados, cr\u00e9ditos, fortalecimiento empresarial, innovaci\u00f3n y formalizaci\u00f3n hicieron parte del paquete de beneficios.<\/p>\n<p>Cristian Buitrago, secretario de Planeaci\u00f3n, dijo que a pesar de contar con el 70 por ciento de insatisfacci\u00f3n por parte de la gente de El Catatumbo, la regi\u00f3n cuenta con m\u00faltiples fortalezas que deben explotarse. La reserva petrolera no s\u00f3lo beneficiar\u00e1 a esa \u00e1rea sino a la educaci\u00f3n y al empleo, teniendo en cuenta que al activar la industria se impulsan las fuentes de desarrollo en el territorio nortesantandereano.<\/p>\n<p>&nbsp;<\/p>\n<p>&nbsp;<\/p>\n<p>&nbsp; <\/p>\n","protected":false},"excerpt":{"rendered":"<p>C\u00daCUTA.- M\u00e1s de 300 emprendedores y empresarios de Norte de Santander participaron en el programa \u2018Colombia Prospera\u2019, con la expectativa de conocer la oferta de las entidades gubernamentales en materia de desarrollo, empleo y competitividad. El proyecto es un indicador de la voluntad colectiva entre gobierno y empresas por superar la crisis econ\u00f3mica que para &hellip;<\/p>\n","protected":false},"author":1,"featured_media":18954,"comment_status":"open","ping_status":"open","sticky":false,"template":"","format":"standard","meta":{"footnotes":""},"categories":[541,4],"tags":[832],"class_list":["post-18953","post","type-post","status-publish","format-standard","has-post-thumbnail","hentry","category-ciudad","category-barra","tag-colombia-prospera-en-cucuta"],"_links":{"self":[{"href":"https:\/\/contraluzcucuta.co\/index.php?rest_route=\/wp\/v2\/posts\/18953","targetHints":{"allow":["GET"]}}],"collection":[{"href":"https:\/\/contraluzcucuta.co\/index.php?rest_route=\/wp\/v2\/posts"}],"about":[{"href":"https:\/\/contraluzcucuta.co\/index.php?rest_route=\/wp\/v2\/types\/post"}],"author":[{"embeddable":true,"href":"https:\/\/contraluzcucuta.co\/index.php?rest_route=\/wp\/v2\/users\/1"}],"replies":[{"embeddable":true,"href":"https:\/\/contraluzcucuta.co\/index.php?rest_route=%2Fwp%2Fv2%2Fcomments&post=18953"}],"version-history":[{"count":1,"href":"https:\/\/contraluzcucuta.co\/index.php?rest_route=\/wp\/v2\/posts\/18953\/revisions"}],"predecessor-version":[{"id":18955,"href":"https:\/\/contraluzcucuta.co\/index.php?rest_route=\/wp\/v2\/posts\/18953\/revisions\/18955"}],"wp:featuredmedia":[{"embeddable":true,"href":"https:\/\/contraluzcucuta.co\/index.php?rest_route=\/wp\/v2\/media\/18954"}],"wp:attachment":[{"href":"https:\/\/contraluzcucuta.co\/index.php?rest_route=%2Fwp%2Fv2%2Fmedia&parent=18953"}],"wp:term":[{"taxonomy":"category","embeddable":true,"href":"https:\/\/contraluzcucuta.co\/index.php?rest_route=%2Fwp%2Fv2%2Fcategories&post=18953"},{"taxonomy":"post_tag","embeddable":true,"href":"https:\/\/contraluzcucuta.co\/index.php?rest_route=%2Fwp%2Fv2%2Ftags&post=18953"}],"curies":[{"name":"wp","href":"https:\/\/api.w.org\/{rel}","templated":true}]}}