{"id":18947,"date":"2013-08-10T19:55:03","date_gmt":"2013-08-11T00:55:03","guid":{"rendered":"http:\/\/contraluzcucuta.co\/?p=18947"},"modified":"2013-08-10T19:55:03","modified_gmt":"2013-08-11T00:55:03","slug":"suecia-y-norte-de-santander-estrechan-lazos-de-cooperacion","status":"publish","type":"post","link":"https:\/\/contraluzcucuta.co\/?p=18947","title":{"rendered":"Suecia y Norte de Santander estrechan lazos de cooperaci\u00f3n"},"content":{"rendered":"<p><b>C\u00daCUTA.- <\/b>Los derechos humanos, el desplazamiento interno, la restituci\u00f3n de tierras y la ley de v\u00edctimas fueron tratados por la embajadora de Suecia en Colombia, Marie Anderson de Frutos, y el gobernador Edgar D\u00edaz durante el encuentro que sostuvieron en C\u00facuta.<\/p>\n<p>Suecia est\u00e1 presente en C\u00facuta a trav\u00e9s de las organizaciones internacionales Ocha, Acnur y CIRC. Tiene el inter\u00e9s de trabajar con\u00a0 poblaci\u00f3n v\u00edctima de la violencia y la prevenci\u00f3n del embarazo en j\u00f3venes y adolescentes, temas prioritarios para el gobierno sueco y Norte de Santander.<\/p>\n<p>La visita confirma la b\u00fasqueda de apoyo t\u00e9cnico y financiero que permita la ejecuci\u00f3n de iniciativas que ayuden a forjar el futuro de la regi\u00f3n.<\/p>\n<p>La Gobernaci\u00f3n plante\u00f3 la construcci\u00f3n del Centro de Atenci\u00f3n a V\u00edctimas en Tib\u00fa, que permita brindarles mejores condiciones, como se logr\u00f3 en C\u00facuta con recursos del municipio, el departamento y la naci\u00f3n.<\/p>\n<p>El gobierno departamental trabaja con organismos nacionales e internacionales, mediante programas de cooperaci\u00f3n, para buscar mayores oportunidades\u00a0 para que la poblaci\u00f3n con menores recursos mejore la calidad de vida.<\/p>\n<p>A la reuni\u00f3n asistieron los secretarios de Planeaci\u00f3n, Cristian Buitrago, y de Fronteras y Cooperaci\u00f3n Internacional, Mayra Gaona, y el alcalde de C\u00facuta, Donamaris Ram\u00edrez.<\/p>\n<p>&nbsp; <\/p>\n","protected":false},"excerpt":{"rendered":"<p>C\u00daCUTA.- Los derechos humanos, el desplazamiento interno, la restituci\u00f3n de tierras y la ley de v\u00edctimas fueron tratados por la embajadora de Suecia en Colombia, Marie Anderson de Frutos, y el gobernador Edgar D\u00edaz durante el encuentro que sostuvieron en C\u00facuta. Suecia est\u00e1 presente en C\u00facuta a trav\u00e9s de las organizaciones internacionales Ocha, Acnur y &hellip;<\/p>\n","protected":false},"author":1,"featured_media":18948,"comment_status":"open","ping_status":"open","sticky":false,"template":"","format":"standard","meta":{"footnotes":""},"categories":[556,4],"tags":[847,848],"class_list":["post-18947","post","type-post","status-publish","format-standard","has-post-thumbnail","hentry","category-departamento","category-barra","tag-embajadora-de-suecia-en-colombia","tag-marie-anderson-de-frutos"],"_links":{"self":[{"href":"https:\/\/contraluzcucuta.co\/index.php?rest_route=\/wp\/v2\/posts\/18947","targetHints":{"allow":["GET"]}}],"collection":[{"href":"https:\/\/contraluzcucuta.co\/index.php?rest_route=\/wp\/v2\/posts"}],"about":[{"href":"https:\/\/contraluzcucuta.co\/index.php?rest_route=\/wp\/v2\/types\/post"}],"author":[{"embeddable":true,"href":"https:\/\/contraluzcucuta.co\/index.php?rest_route=\/wp\/v2\/users\/1"}],"replies":[{"embeddable":true,"href":"https:\/\/contraluzcucuta.co\/index.php?rest_route=%2Fwp%2Fv2%2Fcomments&post=18947"}],"version-history":[{"count":1,"href":"https:\/\/contraluzcucuta.co\/index.php?rest_route=\/wp\/v2\/posts\/18947\/revisions"}],"predecessor-version":[{"id":18949,"href":"https:\/\/contraluzcucuta.co\/index.php?rest_route=\/wp\/v2\/posts\/18947\/revisions\/18949"}],"wp:featuredmedia":[{"embeddable":true,"href":"https:\/\/contraluzcucuta.co\/index.php?rest_route=\/wp\/v2\/media\/18948"}],"wp:attachment":[{"href":"https:\/\/contraluzcucuta.co\/index.php?rest_route=%2Fwp%2Fv2%2Fmedia&parent=18947"}],"wp:term":[{"taxonomy":"category","embeddable":true,"href":"https:\/\/contraluzcucuta.co\/index.php?rest_route=%2Fwp%2Fv2%2Fcategories&post=18947"},{"taxonomy":"post_tag","embeddable":true,"href":"https:\/\/contraluzcucuta.co\/index.php?rest_route=%2Fwp%2Fv2%2Ftags&post=18947"}],"curies":[{"name":"wp","href":"https:\/\/api.w.org\/{rel}","templated":true}]}}