{"id":18945,"date":"2013-08-10T19:51:00","date_gmt":"2013-08-11T00:51:00","guid":{"rendered":"http:\/\/contraluzcucuta.co\/?p=18945"},"modified":"2013-08-10T19:51:00","modified_gmt":"2013-08-11T00:51:00","slug":"el-puente-esta-quebrado-con-que-lo-curaremos","status":"publish","type":"post","link":"https:\/\/contraluzcucuta.co\/?p=18945","title":{"rendered":"\u2018El puente est\u00e1 quebrado, con qu\u00e9 lo curaremos\u2019"},"content":{"rendered":"<p><b>EL ZULIA \u2013 Norte de Santander.-<\/b> El estribillo de la canci\u00f3n infantil de anta\u00f1o sirve para mostrar el problema que afecta a los zulianos y que pone en riesgo la comunicaci\u00f3n con C\u00facuta. El puente Mariano Ospina P\u00e9rez, sobre el r\u00edo Zulia, acusa deterioro por la sobreutilizaci\u00f3n.<\/p>\n<p>Luis Alberto G\u00f3mez, vocero del vecino municipio, rese\u00f1\u00f3 que \u201cel 7 de agosto, siempre caluroso por excelencia, se repite la historia de frustraci\u00f3n familiar de todos los fines de semana\u201d. Los cucute\u00f1os tienen por costumbre organizar, los domingos y d\u00edas festivos, paseos familiares en busca de comida t\u00edpica o el \u2018paseo de olla.<\/p>\n<p>La intenci\u00f3n es disfrutar de las aguas frescas de los r\u00edos Zulia y Peralonso. \u201cPero el desorden vehicular de cuatro colas para cruzar el destartalado\u00a0 puente Mariano Ospina P\u00e9rez, obliga a regresarse a C\u00facuta\u201d, denunci\u00f3 G\u00f3mez Forero.<\/p>\n<p>En los \u00faltimos 20 a\u00f1os, la clase dirigente zuliana ha insistido en la construcci\u00f3n del puente paralelo, como una necesidad urgente para la conexi\u00f3n con los Pueblos de Occidente y la provincia de Oca\u00f1a.<\/p>\n<p>\u201cQu\u00e9 tragedia observamos cuando las ambulancias pretenden a esas horas pico de tr\u00e1fico llegar a C\u00facuta\u201d, se quej\u00f3 el exalcalde. Se lament\u00f3 por la falta de \u201cuna eficiente oficina de Planeaci\u00f3n, dise\u00f1o, liderazgo y gesti\u00f3n de obras\u201d, para propender por el desarrollo integral metropolitano.<\/p>\n<p>El Zulia, junto a C\u00facuta, Los Patios, Villa del Rosario y San Cayetano forman parte del \u00c1rea Metropolitana.<\/p>\n<p>\u201cEse descuido nos ha tra\u00eddo caos, pobreza y desorden\u201d, indic\u00f3 Luis Alberto G\u00f3mez, y llam\u00f3 la atenci\u00f3n acerca de la ocupaci\u00f3n ilegal de los cerros que bordean el anillo vial occidental.<\/p>\n<p>El vocero zuliano record\u00f3 que a la entrada del municipio falta construir la segunda calzada con el separador y concretar el sue\u00f1o de la ciclov\u00eda, que plantearon incluir con insistencia como atractivo tur\u00edstico, cuando se proyectaban las obras viales para financiar con los peajes.<\/p>\n<p>Mostr\u00f3 tristeza al admitir que el desarrollo metropolitano en los \u00faltimos 12 a\u00f1os \u201cno se ve, ni se siente. Es tan d\u00e9bil que puede desaparecer el \u00c1rea Metropolitana de C\u00facuta y nadie se acordar\u00e1 que existi\u00f3\u201d.<\/p>\n<p>G\u00f3mez Forero pidi\u00f3 que ojal\u00e1 que el dise\u00f1o del puente en el r\u00edo Pamplonita para unir a Los Patios con C\u00facuta, en el empate del anillo vial, est\u00e9 contemplado para doble calzada y \u201cno repitamos la historia que estamos sufriendo con el angosto y destartalado puente Mariano Ospina P\u00e9rez\u201d. <\/p>\n","protected":false},"excerpt":{"rendered":"<p>EL ZULIA \u2013 Norte de Santander.- El estribillo de la canci\u00f3n infantil de anta\u00f1o sirve para mostrar el problema que afecta a los zulianos y que pone en riesgo la comunicaci\u00f3n con C\u00facuta. El puente Mariano Ospina P\u00e9rez, sobre el r\u00edo Zulia, acusa deterioro por la sobreutilizaci\u00f3n. Luis Alberto G\u00f3mez, vocero del vecino municipio, rese\u00f1\u00f3 &hellip;<\/p>\n","protected":false},"author":1,"featured_media":17974,"comment_status":"open","ping_status":"open","sticky":false,"template":"","format":"standard","meta":{"footnotes":""},"categories":[32],"tags":[676],"class_list":["post-18945","post","type-post","status-publish","format-standard","has-post-thumbnail","hentry","category-recorrido-por-la-region","tag-puente-mariano-ospina-perez"],"_links":{"self":[{"href":"https:\/\/contraluzcucuta.co\/index.php?rest_route=\/wp\/v2\/posts\/18945","targetHints":{"allow":["GET"]}}],"collection":[{"href":"https:\/\/contraluzcucuta.co\/index.php?rest_route=\/wp\/v2\/posts"}],"about":[{"href":"https:\/\/contraluzcucuta.co\/index.php?rest_route=\/wp\/v2\/types\/post"}],"author":[{"embeddable":true,"href":"https:\/\/contraluzcucuta.co\/index.php?rest_route=\/wp\/v2\/users\/1"}],"replies":[{"embeddable":true,"href":"https:\/\/contraluzcucuta.co\/index.php?rest_route=%2Fwp%2Fv2%2Fcomments&post=18945"}],"version-history":[{"count":1,"href":"https:\/\/contraluzcucuta.co\/index.php?rest_route=\/wp\/v2\/posts\/18945\/revisions"}],"predecessor-version":[{"id":18946,"href":"https:\/\/contraluzcucuta.co\/index.php?rest_route=\/wp\/v2\/posts\/18945\/revisions\/18946"}],"wp:featuredmedia":[{"embeddable":true,"href":"https:\/\/contraluzcucuta.co\/index.php?rest_route=\/wp\/v2\/media\/17974"}],"wp:attachment":[{"href":"https:\/\/contraluzcucuta.co\/index.php?rest_route=%2Fwp%2Fv2%2Fmedia&parent=18945"}],"wp:term":[{"taxonomy":"category","embeddable":true,"href":"https:\/\/contraluzcucuta.co\/index.php?rest_route=%2Fwp%2Fv2%2Fcategories&post=18945"},{"taxonomy":"post_tag","embeddable":true,"href":"https:\/\/contraluzcucuta.co\/index.php?rest_route=%2Fwp%2Fv2%2Ftags&post=18945"}],"curies":[{"name":"wp","href":"https:\/\/api.w.org\/{rel}","templated":true}]}}