{"id":18936,"date":"2013-08-09T08:59:34","date_gmt":"2013-08-09T13:59:34","guid":{"rendered":"http:\/\/contraluzcucuta.co\/?p=18936"},"modified":"2013-08-09T08:59:34","modified_gmt":"2013-08-09T13:59:34","slug":"octavio-martinez-acuna-1963-2013","status":"publish","type":"post","link":"https:\/\/contraluzcucuta.co\/?p=18936","title":{"rendered":"Octavio Mart\u00ednez Acu\u00f1a (1963 &#8211; 2013)"},"content":{"rendered":"<p>Octavio Mart\u00ednez Acu\u00f1a, c\u00f3nsul de Colombia en San Crist\u00f3bal (Venezuela), muri\u00f3 la noche del 8 de agosto en la capital del estado T\u00e1chira. Un infarto acab\u00f3 con la vida del dirigente pol\u00edtico que desde diversos frentes ayud\u00f3 a la comunidad. Liberal de nacimiento y por convicci\u00f3n ocup\u00f3 varios cargos p\u00fablicos, estuvo al frente de la Alcald\u00eda de Villa del Rosario en dos oportunidades,\u00a0pas\u00f3 por la Asamblea de Norte de Santander y aspir\u00f3 a la C\u00e1mara de Representantes. Nacido en San Miguel (Santander), se form\u00f3 como l\u00edder\u00a0hasta llegar a la representaci\u00f3n consular.\u00a0 La colectividad roja est\u00e1 de luto por la partida de este miembro, que, seguro, se preparaba para participar en los comicios del 2014. Los restos mortales ser\u00e1n tra\u00eddos este viernes a Villa del Rosario. Paz en la tumba de Octavio Mart\u00ednez. <\/p>\n","protected":false},"excerpt":{"rendered":"<p>Octavio Mart\u00ednez Acu\u00f1a, c\u00f3nsul de Colombia en San Crist\u00f3bal (Venezuela), muri\u00f3 la noche del 8 de agosto en la capital del estado T\u00e1chira. Un infarto acab\u00f3 con la vida del dirigente pol\u00edtico que desde diversos frentes ayud\u00f3 a la comunidad. Liberal de nacimiento y por convicci\u00f3n ocup\u00f3 varios cargos p\u00fablicos, estuvo al frente de la &hellip;<\/p>\n","protected":false},"author":1,"featured_media":18937,"comment_status":"open","ping_status":"open","sticky":false,"template":"","format":"standard","meta":{"footnotes":""},"categories":[45],"tags":[844],"class_list":["post-18936","post","type-post","status-publish","format-standard","has-post-thumbnail","hentry","category-destacado","tag-octavio-martinez-acuna"],"_links":{"self":[{"href":"https:\/\/contraluzcucuta.co\/index.php?rest_route=\/wp\/v2\/posts\/18936","targetHints":{"allow":["GET"]}}],"collection":[{"href":"https:\/\/contraluzcucuta.co\/index.php?rest_route=\/wp\/v2\/posts"}],"about":[{"href":"https:\/\/contraluzcucuta.co\/index.php?rest_route=\/wp\/v2\/types\/post"}],"author":[{"embeddable":true,"href":"https:\/\/contraluzcucuta.co\/index.php?rest_route=\/wp\/v2\/users\/1"}],"replies":[{"embeddable":true,"href":"https:\/\/contraluzcucuta.co\/index.php?rest_route=%2Fwp%2Fv2%2Fcomments&post=18936"}],"version-history":[{"count":2,"href":"https:\/\/contraluzcucuta.co\/index.php?rest_route=\/wp\/v2\/posts\/18936\/revisions"}],"predecessor-version":[{"id":18939,"href":"https:\/\/contraluzcucuta.co\/index.php?rest_route=\/wp\/v2\/posts\/18936\/revisions\/18939"}],"wp:featuredmedia":[{"embeddable":true,"href":"https:\/\/contraluzcucuta.co\/index.php?rest_route=\/wp\/v2\/media\/18937"}],"wp:attachment":[{"href":"https:\/\/contraluzcucuta.co\/index.php?rest_route=%2Fwp%2Fv2%2Fmedia&parent=18936"}],"wp:term":[{"taxonomy":"category","embeddable":true,"href":"https:\/\/contraluzcucuta.co\/index.php?rest_route=%2Fwp%2Fv2%2Fcategories&post=18936"},{"taxonomy":"post_tag","embeddable":true,"href":"https:\/\/contraluzcucuta.co\/index.php?rest_route=%2Fwp%2Fv2%2Ftags&post=18936"}],"curies":[{"name":"wp","href":"https:\/\/api.w.org\/{rel}","templated":true}]}}