{"id":18933,"date":"2013-08-08T21:59:26","date_gmt":"2013-08-09T02:59:26","guid":{"rendered":"http:\/\/contraluzcucuta.co\/?p=18933"},"modified":"2013-08-08T21:59:26","modified_gmt":"2013-08-09T02:59:26","slug":"politica-fronteriza-estimulos-e-incentivos","status":"publish","type":"post","link":"https:\/\/contraluzcucuta.co\/?p=18933","title":{"rendered":"Pol\u00edtica fronteriza, est\u00edmulos e incentivos"},"content":{"rendered":"<p>1.- Ante el reinicio de nuevos acercamientos entre Colombia y Venezuela, que ojal\u00e1 conduzcan a los anhelados entendimientos y progresos que tanto se esperan hace muchos a\u00f1os, como lo revela el sinn\u00famero de documentos suscritos por presidentes, cancilleres, ministros, gobernadores y voceros de diferentes actividades, los habitantes de frontera, que son los portaestandartes y defensores del esp\u00edritu integracionista y progresista que dio origen y vigencia\u00a0 al Congreso Constituyente de 1821 y a la Constituci\u00f3n de la Gran Colombia, vivamente ans\u00edan que estas fajas territoriales comiencen a salir de la marginalidad \u00a0y a recibir\u00a0 el tratamiento que merecen y que sus opciones y perspectivas determinan.<\/p>\n<p>Seguir estimando que el futuro de la frontera depende totalmente de los centros nacionales y de indagar todos los d\u00edas \u201c\u00bfa c\u00f3mo amaneci\u00f3 el bol\u00edvar?\u00a0 Y\u00a0 \u00bfhay congesti\u00f3n en los puentes internacionales, donde no hay auxiliares de Tr\u00e1nsito, ni\u00a0 se cumple un ejercicio regulador\u00a0 del intercambio dom\u00e9stico interfronterizo, ni existe un adecuado servicio y manejo en lo alusivo al movimiento de los veh\u00edculos que trasportan las mercanc\u00edas y los productos de importaci\u00f3n\u00a0 y exportaci\u00f3n, as\u00ed como un moderno y \u00e1gil servicio de asistencia general e informativa, que dinamice la operatividad aduanera y el trato grato y amable? ser\u00eda continuar bajo la indolencia y el abandono y sin\u00a0\u00a0 estimular empe\u00f1os y labores de mayor compromiso y trascendencia, ante las necesidades crecientes de generar empleos y establecer\u00a0 trascendentes v\u00ednculos con mayor alcance y contenido.<\/p>\n<p>2.- Si esto es lo apenas elemental, no podemos permitir que prosiga en suspenso la falta de uni\u00f3n y aut\u00e9ntica gesti\u00f3n en equipo, que deben cumplir las entidades oficiales para facilitar las soluciones que son indispensables en distintos campos y en las actividades que impulsar\u00e1n el desarrollo \u00a0en la modernizaci\u00f3n de\u00a0\u00a0 la vialidad y el establecimiento de trasformadoras pol\u00edticas de Estado, que proyecten a estas fajas territoriales en gestiones nacionales, binacionales e internacionales, como lo precisan las ventajas comparativas y los recursos naturales que no han sido utilizados para encarar los retos de la competitividad en todos los \u00f3rdenes, como en el aprovechamiento compartido y conjunto de opciones y prerrogativas, que dinamizar\u00edan y proyectar\u00edan a estas regiones y a\u00a0 sus respectivos pa\u00edses,\u00a0 dentro de un gran contexto, porque ser\u00edan productoras de empleo, ahorro, innovaci\u00f3n y emprendimientos.<\/p>\n<p>3.- Tampoco, debe haber demoras en la soluci\u00f3n de los problemas, para el debido suministro de agua potable, para los municipios interfronterizos y de fuentes y proyectos que tengan origen en Colombia o Venezuela. Situaci\u00f3n \u00a0que debe tenerse en cuenta para los servicios de financiaci\u00f3n y suministro de energ\u00eda el\u00e9ctrica, solar, e\u00f3lica o gas, as\u00ed como de\u00a0 la tecnolog\u00eda\u00a0 telef\u00f3nica y de servicios para internet, sin descuidar lo inherente a las asistencias especializadas\u00a0 y a los incentivos y est\u00edmulos que deben recibir quienes se establezcan con iniciativas visionarias y de largo alcance, generadoras de empleo y progreso, as\u00ed como las universidades y los centros docentes ubicados en nuestra zona para fomentar el estudio y la\u00a0 investigaci\u00f3n, innovaci\u00f3n y capacitaci\u00f3n, en una gesti\u00f3n integral, que induzca y comprometa a todo habitante fronterizo y desde los primeros a\u00f1os, en la defensa de la\u00a0 identidad, esp\u00edritu de pertenencia y proyecci\u00f3n del ambiente y caracter\u00edsticas que lo definen y determinan.<\/p>\n<p>Adem\u00e1s, evaluar y definir lo mejor y m\u00e1s procedente para mejorar los servicios terrestres y\u00a0 a\u00e9reos de pasajeros y de carga, as\u00ed como la dotaci\u00f3n\u00a0 y adecuaci\u00f3n de ejemplarizantes\u00a0 mecanismos de comercio exterior y\u00a0 aut\u00e9nticos servicios y sistemas de bodegaje y protecci\u00f3n de mercader\u00edas, en las \u00e1reas que para el efecto se destinen, para ampliar y mejorar los movimientos\u00a0 de cargue y descargue tanto en lo nacional, como para\u00a0 los exigentes\u00a0 compromisos internacionales.<\/p>\n<p>Todo lo anterior, siempre, otorgando una real\u00a0 presencia y participaci\u00f3n a la representaci\u00f3n fronteriza, para activar resultados y propiciar el nacimiento y crecimiento de una nueva frontera y, definitivamente, superar las teor\u00edas y las pr\u00e1cticas que conducen al caos.<\/p>\n<p><b>JOS\u00c9 NEIRA REY<\/b><\/p>\n<p><a href=\"mailto:jneirarey@hotmail.com\">jneirarey@hotmail.com<\/a><\/p>\n<p><b>Notas al margen<\/b><\/p>\n<p>&nbsp; <\/p>\n","protected":false},"excerpt":{"rendered":"<p>1.- Ante el reinicio de nuevos acercamientos entre Colombia y Venezuela, que ojal\u00e1 conduzcan a los anhelados entendimientos y progresos que tanto se esperan hace muchos a\u00f1os, como lo revela el sinn\u00famero de documentos suscritos por presidentes, cancilleres, ministros, gobernadores y voceros de diferentes actividades, los habitantes de frontera, que son los portaestandartes y defensores &hellip;<\/p>\n","protected":false},"author":1,"featured_media":18934,"comment_status":"open","ping_status":"open","sticky":false,"template":"","format":"standard","meta":{"footnotes":""},"categories":[14,6],"tags":[303],"class_list":["post-18933","post","type-post","status-publish","format-standard","has-post-thumbnail","hentry","category-articulistas","category-ojo-avizor","tag-jose-neira-rey"],"_links":{"self":[{"href":"https:\/\/contraluzcucuta.co\/index.php?rest_route=\/wp\/v2\/posts\/18933","targetHints":{"allow":["GET"]}}],"collection":[{"href":"https:\/\/contraluzcucuta.co\/index.php?rest_route=\/wp\/v2\/posts"}],"about":[{"href":"https:\/\/contraluzcucuta.co\/index.php?rest_route=\/wp\/v2\/types\/post"}],"author":[{"embeddable":true,"href":"https:\/\/contraluzcucuta.co\/index.php?rest_route=\/wp\/v2\/users\/1"}],"replies":[{"embeddable":true,"href":"https:\/\/contraluzcucuta.co\/index.php?rest_route=%2Fwp%2Fv2%2Fcomments&post=18933"}],"version-history":[{"count":1,"href":"https:\/\/contraluzcucuta.co\/index.php?rest_route=\/wp\/v2\/posts\/18933\/revisions"}],"predecessor-version":[{"id":18935,"href":"https:\/\/contraluzcucuta.co\/index.php?rest_route=\/wp\/v2\/posts\/18933\/revisions\/18935"}],"wp:featuredmedia":[{"embeddable":true,"href":"https:\/\/contraluzcucuta.co\/index.php?rest_route=\/wp\/v2\/media\/18934"}],"wp:attachment":[{"href":"https:\/\/contraluzcucuta.co\/index.php?rest_route=%2Fwp%2Fv2%2Fmedia&parent=18933"}],"wp:term":[{"taxonomy":"category","embeddable":true,"href":"https:\/\/contraluzcucuta.co\/index.php?rest_route=%2Fwp%2Fv2%2Fcategories&post=18933"},{"taxonomy":"post_tag","embeddable":true,"href":"https:\/\/contraluzcucuta.co\/index.php?rest_route=%2Fwp%2Fv2%2Ftags&post=18933"}],"curies":[{"name":"wp","href":"https:\/\/api.w.org\/{rel}","templated":true}]}}