{"id":18907,"date":"2013-08-08T19:26:07","date_gmt":"2013-08-09T00:26:07","guid":{"rendered":"http:\/\/contraluzcucuta.co\/?p=18907"},"modified":"2013-08-08T19:26:07","modified_gmt":"2013-08-09T00:26:07","slug":"cucuta-deportivo-estrenara-camiseta-ante-patriotas","status":"publish","type":"post","link":"https:\/\/contraluzcucuta.co\/?p=18907","title":{"rendered":"C\u00facuta Deportivo estrenar\u00e1 camiseta ante Patriotas"},"content":{"rendered":"<p><b>C\u00daCUTA.-<\/b> Hoy, el\u00a0 <a href=\"http:\/\/www.cucutadeportivo.com.co\/\">C\u00facuta Deportivo<\/a> lucir\u00e1 la nueva camiseta, dise\u00f1ada para recordar a\u00f1os pret\u00e9ritos. La roja y negra, como en los a\u00f1os 70, fue presentada la noche del mi\u00e9rcoles ante cientos de aficionados y vestida por los jugadores que la defender\u00e1n en este segundo torneo del a\u00f1o.<\/p>\n<p>El espect\u00e1culo estuvo a cargo de \u2018El Camale\u00f3n y Cucutoche\u2019, el grupo musical Hora Zero, el vallenato Pablo Garc\u00eda y las porristas del conjunto motil\u00f3n.<\/p>\n<p>Para el partido contra Patriotas, a las 8:10 de la noche, el profesor \u00c1lvaro Aponte llam\u00f3 al\u00a0 defensa Rub\u00e9n Dar\u00edo Bustos y al delantero V\u00edctor Uribe, en remplazo de Eliser Qui\u00f1ones y Milton Rodr\u00edguez.<\/p>\n<p>La n\u00f3mina es la siguiente:<\/p>\n<p><b>Arqueros;<\/b> Jos\u00e9 Escobar y Diego Germ\u00e1n Mart\u00ednez.<\/p>\n<p><b>Defensas;<\/b> Dar\u00edo Bustos, Luis Payares, Rub\u00e9n Bustos, Walter Moreno, Mauricio Duarte y Edwin Del Castillo.<\/p>\n<p><b>Mediocampistas;<\/b> Jaime C\u00f3rdoba,\u00a0 Rodrigo Soria, Javier Ara\u00fajo, Javier Fl\u00f3rez y James Castro.<\/p>\n<p><b>Delanteros;<\/b> Jhon C\u00f3rdoba, V\u00edctor Uribe y Jeison Qui\u00f1ones.<\/p>\n<p>El m\u00e9dico de la instituci\u00f3n Luis Eduardo Ochoa inform\u00f3 que el atacante Milton Rodr\u00edguez presenta dolor en la regi\u00f3n\u00a0 posterior de la rodilla derecha (tendinitis del m\u00fasculo popl\u00edteo), motivo por el cual no fue convocado para el juego de este viernes.<\/p>\n<p>Los precios de la boleter\u00eda son los siguientes:<\/p>\n<p>Norte\u00a0 $ 10.000<\/p>\n<p>Oriental Alta\u00a0 $ 20.000<\/p>\n<p>Oriental ni\u00f1os $10.000<\/p>\n<p>Oriental Baja $ 15.000<\/p>\n<p>Occidental General $ 40.000<\/p>\n<p>Occidental Ni\u00f1os $10.000<\/p>\n<p>Occidental Silla $ 45.000<\/p>\n<p>&nbsp;<\/p>\n<p>&nbsp; <\/p>\n","protected":false},"excerpt":{"rendered":"<p>C\u00daCUTA.- Hoy, el\u00a0 C\u00facuta Deportivo lucir\u00e1 la nueva camiseta, dise\u00f1ada para recordar a\u00f1os pret\u00e9ritos. La roja y negra, como en los a\u00f1os 70, fue presentada la noche del mi\u00e9rcoles ante cientos de aficionados y vestida por los jugadores que la defender\u00e1n en este segundo torneo del a\u00f1o. El espect\u00e1culo estuvo a cargo de \u2018El Camale\u00f3n &hellip;<\/p>\n","protected":false},"author":1,"featured_media":18908,"comment_status":"open","ping_status":"open","sticky":false,"template":"","format":"standard","meta":{"footnotes":""},"categories":[28],"tags":[192],"class_list":["post-18907","post","type-post","status-publish","format-standard","has-post-thumbnail","hentry","category-vistazo-deportivo","tag-cucuta-deportivo"],"_links":{"self":[{"href":"https:\/\/contraluzcucuta.co\/index.php?rest_route=\/wp\/v2\/posts\/18907","targetHints":{"allow":["GET"]}}],"collection":[{"href":"https:\/\/contraluzcucuta.co\/index.php?rest_route=\/wp\/v2\/posts"}],"about":[{"href":"https:\/\/contraluzcucuta.co\/index.php?rest_route=\/wp\/v2\/types\/post"}],"author":[{"embeddable":true,"href":"https:\/\/contraluzcucuta.co\/index.php?rest_route=\/wp\/v2\/users\/1"}],"replies":[{"embeddable":true,"href":"https:\/\/contraluzcucuta.co\/index.php?rest_route=%2Fwp%2Fv2%2Fcomments&post=18907"}],"version-history":[{"count":2,"href":"https:\/\/contraluzcucuta.co\/index.php?rest_route=\/wp\/v2\/posts\/18907\/revisions"}],"predecessor-version":[{"id":18910,"href":"https:\/\/contraluzcucuta.co\/index.php?rest_route=\/wp\/v2\/posts\/18907\/revisions\/18910"}],"wp:featuredmedia":[{"embeddable":true,"href":"https:\/\/contraluzcucuta.co\/index.php?rest_route=\/wp\/v2\/media\/18908"}],"wp:attachment":[{"href":"https:\/\/contraluzcucuta.co\/index.php?rest_route=%2Fwp%2Fv2%2Fmedia&parent=18907"}],"wp:term":[{"taxonomy":"category","embeddable":true,"href":"https:\/\/contraluzcucuta.co\/index.php?rest_route=%2Fwp%2Fv2%2Fcategories&post=18907"},{"taxonomy":"post_tag","embeddable":true,"href":"https:\/\/contraluzcucuta.co\/index.php?rest_route=%2Fwp%2Fv2%2Ftags&post=18907"}],"curies":[{"name":"wp","href":"https:\/\/api.w.org\/{rel}","templated":true}]}}