{"id":18904,"date":"2013-08-08T18:53:12","date_gmt":"2013-08-08T23:53:12","guid":{"rendered":"http:\/\/contraluzcucuta.co\/?p=18904"},"modified":"2013-08-08T18:53:12","modified_gmt":"2013-08-08T23:53:12","slug":"es-posible-un-dialogo-y-una-negociacion-con-el-epl","status":"publish","type":"post","link":"https:\/\/contraluzcucuta.co\/?p=18904","title":{"rendered":"\u00bfEs posible un di\u00e1logo y una negociaci\u00f3n con el Epl?"},"content":{"rendered":"<p>El primero de marzo de 1991, con un calor sofocante, colmados de esperanza en el futuro, alrededor de 200 guerrilleros de los frentes \u2018Libardo Mora Toro\u2019 y \u2018Ram\u00f3n Gilberto Barbosa\u2019, del Epl, hicieron dejaci\u00f3n de armas en un acto pol\u00edtico cumplido en la casa natal del general Santander (Villa del Rosario).<\/p>\n<p>Dos meses antes, cerca de 50 guerrilleros, aprovechando la oscuridad de la noche, abandonaron el campamento en donde se encontraban establecidos en el corregimiento Campo Giles (Tib\u00fa), dejando una carta a sus compa\u00f1eros de lucha, en la que manifestaban no querer perjudicarlos, pero hab\u00edan tomado la decisi\u00f3n de continuar la lucha armada al no estar de acuerdo con el proceso de negociaci\u00f3n que se adelantaba con el Gobierno.<\/p>\n<p>Ese hecho marcar\u00eda definitivamente la vida de V\u00edctor Ram\u00f3n Navarro Serrano, \u2018Megateo\u2019, que a la fecha deb\u00eda tener 15 a\u00f1os, por quien en la actualidad el gobierno de Estados Unidos ofrece 5,0 millones de d\u00f3lares y el gobierno colombiano $ 2000 millones, que conoc\u00eda \u00a0las organizaciones guerrilleras que operaban en San Calixto, su tierra natal, y los vericuetos de la guerra.<\/p>\n<p>All\u00ed, precisamente, \u00a0a principios de los a\u00f1os 80, surgi\u00f3 el Epl, al crear la primera guerrilla local. Una regi\u00f3n compuesta por Oca\u00f1a, Hacar\u00ed y San Calixto. Una tierra hermosa de gente buena y trabajadora, que no ha dejado de sufrir las consecuencias del conflicto armado y el abandono gubernamental. Municipios que junto a El Tarra y La Playa siguen siendo los sitios predilectos y la retaguardia estrat\u00e9gica del Epl y de \u2018Megateo\u2019. Pero que desde la \u00e9poca del surgimiento de esa guerrilla las cosas han cambiado poco.<\/p>\n<p>Los niveles de pobreza contin\u00faan en aumento (80 y 90%). Gran parte del sector rural sigue sin energ\u00eda el\u00e9ctrica. La mayor\u00eda de las escuelas se encuentran en mal estado. La red vial se encuentra deteriorada y en p\u00e9simas condiciones, y en algunas ocasiones la comunidad debe cobrar el escaso tr\u00e1nsito vehicular para efectuar el mantenimiento. La cobertura rural de acueducto es \u00a0del 21 y \u00a024%, y el alcantarillado entre el 3 y el 7%. El d\u00e9ficit de vivienda rural de San Calixto, Hacar\u00ed y La Playa est\u00e1 entre el 78 y el 95%, y las tasas de analfabetismo rondan el 37%.<\/p>\n<p>Esta es la subregi\u00f3n occidental de Norte de Santander, cuyos habitantes le han dedicado la vida a trabajar la tierra, en las peores condiciones. Sacan yuca, caf\u00e9 y fr\u00edjol, principalmente, en tierra de nadie. Sin la presencia del Estado y con el acoso de todo tipo de violencia: la del 48, la de las guerrillas modernas, los paramilitares y las grandes operaciones militares de la fuerza p\u00fablica.<\/p>\n<p>Los cultivos de hoja de coca llegaron recientemente, m\u00e1s que todo producto del efecto \u201cglobo\u201d. Denominaci\u00f3n empleada para comprobar el fracaso de la estrategia de las fumigaciones con glifosato, para este caso en Tib\u00fa, antigua zona cocalera cuyo epicentro era el corregimiento La Gabarra.<\/p>\n<p>Esta estrategia, adem\u00e1s de costosa, riesgosa y ambientalmente negativa, elimina los cultivos il\u00edcitos y los de pan coger, pero que al no tratarse el problema de manera integral, estos se trasladan a nuevas \u00e1reas en donde tradicionalmente no exist\u00edan y as\u00ed sucesivamente el ciclo se repite<\/p>\n<p>Esta, a diferencia de otras regiones, no es una zona colonizada por personas atra\u00eddas por la coca. Al contrario, los habitantes han estado aqu\u00ed por generaciones, tratando de sacar adelante los proyectos de vida, mediante lo que siempre han hecho: cultivar la tierra. Son familias ancestrales, pobres desde que nacieron, han pedido en decenas de ocasiones al Gobierno alternativas para dejar de cultivar, pues saben muy bien que son la cadena m\u00e1s d\u00e9bil del circuito, que no van a salir de pobres y que son los que llevan la peor parte.<\/p>\n<p>A partir del 2000, las operaciones de erradicaci\u00f3n forzada por medio de la fumigaci\u00f3n con glifosato, adelantadas por la Polic\u00eda en el alto Catatumbo, la desmovilizaci\u00f3n de las Auc, los planes de sustituci\u00f3n de cultivos, la judicializaci\u00f3n a los cultivadores y las operaciones policiales y militares adelantadas contra el narcotr\u00e1fico en la regi\u00f3n, bajaron ostensiblemente las \u00e1reas de cultivo en este municipio, pero tambi\u00e9n lograron que estos se trasladaran a nuevas zonas como la provincia de Oca\u00f1a.<\/p>\n<p>Los cultivos llegaron entonces a una regi\u00f3n con presencia de las guerrillas del Epl, Eln y Farc. Para ese momento, el proyecto de reactivar el Epl en varias regiones del pa\u00eds, como el Eje Cafetero, Antioquia, Guajira y Santander, hab\u00eda fracasado. Entre otros motivos, por los golpes contundentes que la fuerza p\u00fablica les propin\u00f3. Es decir, lo \u00fanico que quedaba de esa guerrilla era el frente \u2018Libardo Mora Toro\u2019, en El Catatumbo, que lo hab\u00eda visto nacer y en donde \u2018Megateo\u2019 era amo y se\u00f1or.<\/p>\n<p>A estas alturas las guerrillas entendieron que no era necesario impedir el ingreso de los cultivos a la regi\u00f3n. Estaba comprobado que no pod\u00edan controlarlo. Adem\u00e1s, al fin de cuentas, este era un negocio que de cualquier forma les llegaba como anillo al dedo. Aqu\u00ed no es posible vivir de la extorsi\u00f3n o el secuestro.<\/p>\n<p>Las relaciones de las guerrillas con los cultivadores de hoja de coca han sido hist\u00f3ricas, arraigadas en una simbiosis de intereses econ\u00f3micos y pol\u00edticos, que datan de la d\u00e9cada de los 80, inicialmente en el sur del pa\u00eds. As\u00ed mismo con sectores narcos. Estos \u00faltimos les ha permitido en muchos momentos fortalecerse log\u00edsticamente.<\/p>\n<p>Los guerrilleros del Epl fueron derrotados en otras regiones del pa\u00eds, menos aqu\u00ed. Despu\u00e9s de m\u00e1s de 30 a\u00f1os de presencia permanente, debe haberles servido para consolidar una base social suficiente para resistir las grandes operaciones militares que se han desarrollado en su contra, las diversas operaciones de infiltraci\u00f3n, la inteligencia electr\u00f3nica y la sistem\u00e1tica propaganda gubernamental, todas sin \u00e9xito, hasta ahora. A pesar, seg\u00fan fuentes oficiales, de que conocen al detalle las zonas de influencia, la estructura interna y a los comandantes.<\/p>\n<p>Si bien es cierto son una guerrilla peque\u00f1a, de car\u00e1cter regional, con poca formaci\u00f3n pol\u00edtica, que han asumido de manera equivocada la dependencia de la coca para sostenerse, como muchos otros incluyendo algunos sectores del establecimiento, han asumido con franqueza, como pocos, que lo hacen. Pero, adem\u00e1s, hay que reconocerles, y esto es lo importante, que vienen pidiendo pista para acabar con esto.<\/p>\n<p>Es poco cre\u00edble que este grupo armado ilegal, se sostenga en la regi\u00f3n por tantos a\u00f1os a punta de intimidar a los campesinos, repartiendo dinero a raudales, corrompiendo a la fuerza p\u00fablica o montando una guarida. Es comprensible que en el marco de la confrontaci\u00f3n la fuerza p\u00fablica utilice distintos formas para lograr un desgaste y desmoralizar al contrincante. Pero hoy afrontamos una coyuntura hist\u00f3rica que busca crear los escenarios y los espacios, juntar las voluntades para finalizar el conflicto armado. Este debe ser el mayor objetivo.<\/p>\n<p><b>WILFREDO CA\u00d1IZARES<\/b><\/p>\n<p>fundacionprogresarcuc.blogspot.com<\/p>\n<p>@fprogresarcuc<\/p>\n<p><a href=\"http:\/\/www.funprogresar.org\">www.funprogresar.org<\/a><\/p>\n<p>&nbsp; <\/p>\n","protected":false},"excerpt":{"rendered":"<p>El primero de marzo de 1991, con un calor sofocante, colmados de esperanza en el futuro, alrededor de 200 guerrilleros de los frentes \u2018Libardo Mora Toro\u2019 y \u2018Ram\u00f3n Gilberto Barbosa\u2019, del Epl, hicieron dejaci\u00f3n de armas en un acto pol\u00edtico cumplido en la casa natal del general Santander (Villa del Rosario). Dos meses antes, cerca &hellip;<\/p>\n","protected":false},"author":1,"featured_media":18905,"comment_status":"open","ping_status":"open","sticky":false,"template":"","format":"standard","meta":{"footnotes":""},"categories":[4,106],"tags":[831,839,840],"class_list":["post-18904","post","type-post","status-publish","format-standard","has-post-thumbnail","hentry","category-barra","category-documentos","tag-fundacion-progresar-cucuta","tag-guerrilla-del-epl","tag-wilfredo-canizares"],"_links":{"self":[{"href":"https:\/\/contraluzcucuta.co\/index.php?rest_route=\/wp\/v2\/posts\/18904","targetHints":{"allow":["GET"]}}],"collection":[{"href":"https:\/\/contraluzcucuta.co\/index.php?rest_route=\/wp\/v2\/posts"}],"about":[{"href":"https:\/\/contraluzcucuta.co\/index.php?rest_route=\/wp\/v2\/types\/post"}],"author":[{"embeddable":true,"href":"https:\/\/contraluzcucuta.co\/index.php?rest_route=\/wp\/v2\/users\/1"}],"replies":[{"embeddable":true,"href":"https:\/\/contraluzcucuta.co\/index.php?rest_route=%2Fwp%2Fv2%2Fcomments&post=18904"}],"version-history":[{"count":1,"href":"https:\/\/contraluzcucuta.co\/index.php?rest_route=\/wp\/v2\/posts\/18904\/revisions"}],"predecessor-version":[{"id":18906,"href":"https:\/\/contraluzcucuta.co\/index.php?rest_route=\/wp\/v2\/posts\/18904\/revisions\/18906"}],"wp:featuredmedia":[{"embeddable":true,"href":"https:\/\/contraluzcucuta.co\/index.php?rest_route=\/wp\/v2\/media\/18905"}],"wp:attachment":[{"href":"https:\/\/contraluzcucuta.co\/index.php?rest_route=%2Fwp%2Fv2%2Fmedia&parent=18904"}],"wp:term":[{"taxonomy":"category","embeddable":true,"href":"https:\/\/contraluzcucuta.co\/index.php?rest_route=%2Fwp%2Fv2%2Fcategories&post=18904"},{"taxonomy":"post_tag","embeddable":true,"href":"https:\/\/contraluzcucuta.co\/index.php?rest_route=%2Fwp%2Fv2%2Ftags&post=18904"}],"curies":[{"name":"wp","href":"https:\/\/api.w.org\/{rel}","templated":true}]}}