{"id":18898,"date":"2013-08-08T05:45:59","date_gmt":"2013-08-08T10:45:59","guid":{"rendered":"http:\/\/contraluzcucuta.co\/?p=18898"},"modified":"2013-08-08T05:45:59","modified_gmt":"2013-08-08T10:45:59","slug":"halcones-de-cucuta-futsal-perdio-en-el-debut","status":"publish","type":"post","link":"https:\/\/contraluzcucuta.co\/?p=18898","title":{"rendered":"Halcones de C\u00facuta Futsal perdi\u00f3 en el debut"},"content":{"rendered":"<p><b>PEREIRA.-<\/b> Halcones de C\u00facuta Futsal, dirigido por Eduardo Arias, debut\u00f3 en la Liga, este mi\u00e9rcoles, contra Pereira Futsal. El cuadro fronterizo perdi\u00f3 5 \u2013 3.<\/p>\n<p>Pese a la derrota, el equipo evidenci\u00f3 cambios en el estilo de juego y despert\u00f3 \u00a0comentarios positivos entre los asistentes al coliseo mayor de Dosquebradas.<\/p>\n<p>El segundo partido del equipo motil\u00f3n ser\u00e1 el 10 de agosto, a las 8:00 de la noche, en el coliseo \u2018Toto H\u00e9rnandez\u2019 frente al campe\u00f3n Itag\u00fc\u00ed futsal.<\/p>\n<p>La n\u00f3mina que enfrent\u00f3 a Pereira Futsal fue la siguiente:<\/p>\n<p>Alexis Herrera<\/p>\n<p>William Univio (2 goles\u00a0 &#8211; 13\u2019 y 18\u2019)<\/p>\n<p>Diego Ayala<\/p>\n<p>Hebert Ospina<\/p>\n<p>Fabi\u00e1n Correa<\/p>\n<p>Felipe Pe\u00f1a<\/p>\n<p>Josu\u00e9 Jaimes (1 gol \u2013 2 tiempo\/ 9\u2019)<\/p>\n<p>Andr\u00e9s Sandoval<\/p>\n<p>Faber Ni\u00f1o <\/p>\n","protected":false},"excerpt":{"rendered":"<p>PEREIRA.- Halcones de C\u00facuta Futsal, dirigido por Eduardo Arias, debut\u00f3 en la Liga, este mi\u00e9rcoles, contra Pereira Futsal. El cuadro fronterizo perdi\u00f3 5 \u2013 3. Pese a la derrota, el equipo evidenci\u00f3 cambios en el estilo de juego y despert\u00f3 \u00a0comentarios positivos entre los asistentes al coliseo mayor de Dosquebradas. El segundo partido del equipo &hellip;<\/p>\n","protected":false},"author":1,"featured_media":18899,"comment_status":"open","ping_status":"open","sticky":false,"template":"","format":"standard","meta":{"footnotes":""},"categories":[28],"tags":[585],"class_list":["post-18898","post","type-post","status-publish","format-standard","has-post-thumbnail","hentry","category-vistazo-deportivo","tag-halcones-de-cucuta"],"_links":{"self":[{"href":"https:\/\/contraluzcucuta.co\/index.php?rest_route=\/wp\/v2\/posts\/18898","targetHints":{"allow":["GET"]}}],"collection":[{"href":"https:\/\/contraluzcucuta.co\/index.php?rest_route=\/wp\/v2\/posts"}],"about":[{"href":"https:\/\/contraluzcucuta.co\/index.php?rest_route=\/wp\/v2\/types\/post"}],"author":[{"embeddable":true,"href":"https:\/\/contraluzcucuta.co\/index.php?rest_route=\/wp\/v2\/users\/1"}],"replies":[{"embeddable":true,"href":"https:\/\/contraluzcucuta.co\/index.php?rest_route=%2Fwp%2Fv2%2Fcomments&post=18898"}],"version-history":[{"count":1,"href":"https:\/\/contraluzcucuta.co\/index.php?rest_route=\/wp\/v2\/posts\/18898\/revisions"}],"predecessor-version":[{"id":18900,"href":"https:\/\/contraluzcucuta.co\/index.php?rest_route=\/wp\/v2\/posts\/18898\/revisions\/18900"}],"wp:featuredmedia":[{"embeddable":true,"href":"https:\/\/contraluzcucuta.co\/index.php?rest_route=\/wp\/v2\/media\/18899"}],"wp:attachment":[{"href":"https:\/\/contraluzcucuta.co\/index.php?rest_route=%2Fwp%2Fv2%2Fmedia&parent=18898"}],"wp:term":[{"taxonomy":"category","embeddable":true,"href":"https:\/\/contraluzcucuta.co\/index.php?rest_route=%2Fwp%2Fv2%2Fcategories&post=18898"},{"taxonomy":"post_tag","embeddable":true,"href":"https:\/\/contraluzcucuta.co\/index.php?rest_route=%2Fwp%2Fv2%2Ftags&post=18898"}],"curies":[{"name":"wp","href":"https:\/\/api.w.org\/{rel}","templated":true}]}}