{"id":18895,"date":"2013-08-07T20:22:59","date_gmt":"2013-08-08T01:22:59","guid":{"rendered":"http:\/\/contraluzcucuta.co\/?p=18895"},"modified":"2013-08-07T20:22:59","modified_gmt":"2013-08-08T01:22:59","slug":"salud-en-norte-de-santander-pasa-por-buen-momento-viceministro","status":"publish","type":"post","link":"https:\/\/contraluzcucuta.co\/?p=18895","title":{"rendered":"Salud en Norte de Santander pasa por buen momento: Viceministro"},"content":{"rendered":"<p><b>C\u00daCUTA.-<\/b> Para hacer el inventario de los principales asuntos en lo que concierne a la salud p\u00fablica, a la prestaci\u00f3n de servicios y el aseguramiento del servicio en Norte de Santander vino a C\u00facuta el viceministro de Salud P\u00fablica, Fernando Ru\u00edz G\u00f3mez.<\/p>\n<p>En la ma\u00f1ana del 6 de agosto, se reuni\u00f3 con funcionarios del Instituto Departamental de Salud, la secretar\u00eda de Salud Municipal y el Hospital Erasmo Meoz.<\/p>\n<p>Entre las conclusiones destacan:<\/p>\n<p><b>\u00a01.- Salud P\u00fablica<\/b><\/p>\n<p>&#8211; Insuficiencia Respiratoria Aguda Grave. Los resultados de la atenci\u00f3n a la poblaci\u00f3n son alentadores. Baj\u00f3 la curva de incidencia de la enfermedad. El compromiso es prepararse para afrontar el pr\u00f3ximo brote que vendr\u00e1 a finales de a\u00f1o, como es usual.<\/p>\n<p>&#8211; Estrategia contra el dengue. C\u00facuta es una de las 58 ciudades incluidas en la estrategia de dengue y se revis\u00f3 cada actuaci\u00f3n que ha tenido con resultados interesantes.<\/p>\n<p><b>2.- Prestaci\u00f3n de servicios<\/b><\/p>\n<p>&#8211; Hospital Erasmo Meoz. Avanza la consolidaci\u00f3n de la red p\u00fablica de salud. En conjunto con la direcci\u00f3n departamental y el instituto se trabaja en definir cu\u00e1l ser\u00eda el mejor modelo de red para la ciudad.<\/p>\n<p>&#8211; Revisi\u00f3n de las cuentas del Erasmo. El hospital tiene una cartera que tiende a mejorar.<\/p>\n<p>&#8211; Revisi\u00f3n de proyectos. Alguna dotaci\u00f3n de ambulancias, reforzamiento estructural del hospital y proyectos de ampliaci\u00f3n de servicios.<\/p>\n<p><b>3.- Prestaci\u00f3n de servicios<\/b><\/p>\n<p>Solsalud. Conversaciones con pacientes que han tenido problemas con la atenci\u00f3n. Mucho de esto corresponde a la Superintendencia de Salud. Un superintendente delegado estuvo en la ciudad. Se revis\u00f3 el tema especial de atenci\u00f3n a pacientes cr\u00f3nicos, con problemas para recibir hemodi\u00e1lisis. El proveedor de la empresa prestadora de servicios tiene el compromiso de prestar la atenci\u00f3n hasta el 31 de agosto. Hoy, reuni\u00f3n en Bogot\u00e1 para mirar c\u00f3mo hacer en adelante para garantizar que los nortesantandereanos tengan buen servicio.<\/p>\n<p><b>4.- Hospital de Tib\u00fa<\/b><\/p>\n<p>&#8211; Mejoramiento de infraestructura. Hay que esperar los resultados de la mesa de concertaci\u00f3n. Con el instituto plantear para la poblaci\u00f3n tibuyana el mejor servicio y no pensar tanto en infraestructura. No es construir hospitales sino dar una atenci\u00f3n de calidad.<\/p>\n<p><b>5.- Red p\u00fablica de salud<\/b><\/p>\n<p>Compromisos. Mirar c\u00f3mo organizar la red p\u00fablica. Hay que tener creatividad para presentar un modelo en el que se integren hospitales y centros de salud, lograr que los alcaldes tengan generosidad para entender que muchos problemas de salud en el pa\u00eds tienen que ver con la falta de conexi\u00f3n con los primeros, segundos y cuartos niveles de atenci\u00f3n. <\/p>\n","protected":false},"excerpt":{"rendered":"<p>C\u00daCUTA.- Para hacer el inventario de los principales asuntos en lo que concierne a la salud p\u00fablica, a la prestaci\u00f3n de servicios y el aseguramiento del servicio en Norte de Santander vino a C\u00facuta el viceministro de Salud P\u00fablica, Fernando Ru\u00edz G\u00f3mez. En la ma\u00f1ana del 6 de agosto, se reuni\u00f3 con funcionarios del Instituto &hellip;<\/p>\n","protected":false},"author":1,"featured_media":18896,"comment_status":"open","ping_status":"open","sticky":false,"template":"","format":"standard","meta":{"footnotes":""},"categories":[32],"tags":[837],"class_list":["post-18895","post","type-post","status-publish","format-standard","has-post-thumbnail","hentry","category-recorrido-por-la-region","tag-viceministro-de-salud"],"_links":{"self":[{"href":"https:\/\/contraluzcucuta.co\/index.php?rest_route=\/wp\/v2\/posts\/18895","targetHints":{"allow":["GET"]}}],"collection":[{"href":"https:\/\/contraluzcucuta.co\/index.php?rest_route=\/wp\/v2\/posts"}],"about":[{"href":"https:\/\/contraluzcucuta.co\/index.php?rest_route=\/wp\/v2\/types\/post"}],"author":[{"embeddable":true,"href":"https:\/\/contraluzcucuta.co\/index.php?rest_route=\/wp\/v2\/users\/1"}],"replies":[{"embeddable":true,"href":"https:\/\/contraluzcucuta.co\/index.php?rest_route=%2Fwp%2Fv2%2Fcomments&post=18895"}],"version-history":[{"count":1,"href":"https:\/\/contraluzcucuta.co\/index.php?rest_route=\/wp\/v2\/posts\/18895\/revisions"}],"predecessor-version":[{"id":18897,"href":"https:\/\/contraluzcucuta.co\/index.php?rest_route=\/wp\/v2\/posts\/18895\/revisions\/18897"}],"wp:featuredmedia":[{"embeddable":true,"href":"https:\/\/contraluzcucuta.co\/index.php?rest_route=\/wp\/v2\/media\/18896"}],"wp:attachment":[{"href":"https:\/\/contraluzcucuta.co\/index.php?rest_route=%2Fwp%2Fv2%2Fmedia&parent=18895"}],"wp:term":[{"taxonomy":"category","embeddable":true,"href":"https:\/\/contraluzcucuta.co\/index.php?rest_route=%2Fwp%2Fv2%2Fcategories&post=18895"},{"taxonomy":"post_tag","embeddable":true,"href":"https:\/\/contraluzcucuta.co\/index.php?rest_route=%2Fwp%2Fv2%2Ftags&post=18895"}],"curies":[{"name":"wp","href":"https:\/\/api.w.org\/{rel}","templated":true}]}}