{"id":18884,"date":"2013-08-07T10:14:04","date_gmt":"2013-08-07T15:14:04","guid":{"rendered":"http:\/\/contraluzcucuta.co\/?p=18884"},"modified":"2013-08-07T10:14:04","modified_gmt":"2013-08-07T15:14:04","slug":"charla-con-gonzalo-jimenez-de-quesada-conquistador-y-cronista","status":"publish","type":"post","link":"https:\/\/contraluzcucuta.co\/?p=18884","title":{"rendered":"Charla con\u2026 Gonzalo Jim\u00e9nez de Quesada. Conquistador y cronista"},"content":{"rendered":"<p>Esta es una buena ocasi\u00f3n para recordar a Gonzalo Jim\u00e9nez de Quesada, hombre que desde los libros de historia se mete en la mente de los colombianos para nunca m\u00e1s salir. Encontrarlo no es dif\u00edcil, basta con abrir en <a href=\"http:\/\/www.google.com\/\">Google<\/a> cualquiera de las miles de miles de p\u00e1ginas dedicadas al conquistador y de ah\u00ed en adelante tener paciencia para escoger la ideal.<\/p>\n<p><b>Gracias, colega por aceptar esta invitaci\u00f3n de la <a href=\"http:\/\/www.contraluzcucuta.co\/\">revista<\/a> para recordar un poco de su vida, su historia y su paso por este mundo.<\/b><\/p>\n<p>Muy amables ustedes. Y verdad, fui cronista de indias. Ahora hay otro grupo con ese nombre y lo hacen bien. Tambi\u00e9n hay un movimiento llamado \u2018Periodismo Gonzo\u2019, pero no creo que sea en mi honor.<\/p>\n<p><b>\u00bfCiudad y fecha de nacimiento?<\/b><\/p>\n<p>Granada (Espa\u00f1a), en 1509. Mor\u00ed por all\u00e1 en Mariquita (Colombia), en 1579.<\/p>\n<p><b>\u00bfC\u00f3mo le gusta que lo recuerden?<\/b><\/p>\n<p>Como conquistador y cronista, descubridor del reino de Nueva Granada y fundador de Santa Fe de Bogot\u00e1.<\/p>\n<p><b>Su nombre se abre paso entre otras figuras de la \u00e9poca\u2026<\/b><\/p>\n<p>S\u00ed, por ah\u00ed aparecen Crist\u00f3bal Col\u00f3n, Hern\u00e1n Cort\u00e9s y Francisco Pizarro. La competencia es buena.<\/p>\n<p><b>\u00bfC\u00f3mo se compara con esos hombres?<\/b><\/p>\n<p>Mis conquistas y el esfuerzo hice fueron parejos, si no superiores, a los de esos protagonistas de la colonizaci\u00f3n. Aunque mis logros se producen de forma tard\u00eda y resultan menos espectaculares.<\/p>\n<p><b>\u00bfC\u00f3mo comenz\u00f3 su carrera militar?<\/b><\/p>\n<p>Los historiadores no tienen duda de mi estancia en Italia como soldado hasta 1530. En esa fecha regres\u00e9 a Espa\u00f1a y comenc\u00e9 la carrera jur\u00eddica en Granada.<\/p>\n<p><b>\u00bfC\u00f3mo termin\u00f3 los estudios?<\/b><\/p>\n<p>Con gran brillantez recib\u00ed el t\u00edtulo de licenciado.<\/p>\n<p><b>Pero tuvo m\u00e1s fama como combatiente veterano\u2026<\/b><\/p>\n<p>El estudio y ese buen nombre con el uniforme se convirtieron en las llaves que me abrieron las puertas de la Real Canciller\u00eda de Granada. Ocup\u00e9 un puesto de letrado que acab\u00f3 por catapultarme al otro lado del oc\u00e9ano.<\/p>\n<p><b>\u00bfQui\u00e9n lo trajo por aqu\u00ed?<\/b><\/p>\n<p>Pedro Fern\u00e1ndez de Lugo me design\u00f3 para el cargo de justicia mayor y teniente general de la expedici\u00f3n que vino a la que hoy es Santa Marta.<\/p>\n<p><b>\u00bfQu\u00e9 recuerda de esa traves\u00eda?<\/b><\/p>\n<p>La emprendimos de inmediato y en 1536 me encontraba en el Nuevo Mundo.<\/p>\n<p>&nbsp;<\/p>\n<p><b>\u00bfCu\u00e1l fue la primera misi\u00f3n que le encomendaron?<\/b><\/p>\n<p>Las intentonas que desde la costa se hab\u00edan emprendido en busca de ricas tierras \u00a0hab\u00edan fracasado. Fern\u00e1ndez de Lugo me encomend\u00f3 esa misi\u00f3n. Remont\u00e9 el r\u00edo Magdalena, explor\u00e9 los valles de y en 1537 alcanc\u00e9 las llanuras de la meseta de Cundinamarca, en el centro de Colombia.<\/p>\n<p><b>\u00bfY c\u00f3mo le fue en el cumplimiento de esa tarea?<\/b><\/p>\n<p>Hostias. Afront\u00e9 numerosos peligros, plagas tropicales, legiones de mosquitos y ataques de ind\u00edgenas provistos de flechas envenenadas, y super\u00e9 una barrera geogr\u00e1fica hasta entonces infranqueable, la formada por la cadena de los Andes septentrionales.<\/p>\n<p><b>\u00bfQu\u00e9 encontr\u00f3?\u00a0 <\/b><\/p>\n<p>La civilizaci\u00f3n artesana y agr\u00edcola de los chibchas o muiscas, a los que somet\u00ed sin derramamiento de sangre, sirvi\u00e9ndome m\u00e1s de la raz\u00f3n que de la espada.<\/p>\n<p><b>\u00bfSe vali\u00f3 de alg\u00fan signo para convencer a los ind\u00edgenas?<\/b><\/p>\n<p>S\u00ed, claro. La cruz era un signo sagrado para los nativos, que, como en otros sitios, consideraron a los reci\u00e9n llegados hijos del Sol, dios al que veneraban.<\/p>\n<p><b>\u00bfCu\u00e1l fue su primer gran logro?<\/b><\/p>\n<p>El 5 de agosto de 1538, fund\u00e9 a Santa Fe de Bogot\u00e1, que despu\u00e9s se convirti\u00f3 en la capital del reino de Nueva Granada.<\/p>\n<p><b>\u00bfPor esta gesta conquistadora gan\u00f3 alg\u00fan reconocimiento?<\/b><\/p>\n<p>En mayo de 1547, recib\u00ed como recompensa el nombramiento honor\u00edfico de \u2018Mariscal del reino de Nueva Granada\u2019<\/p>\n<p><b>\u00bfCu\u00e1ndo regres\u00f3 a Santa Fe de Bogot\u00e1?<\/b><\/p>\n<p>En 1550, y emprend\u00ed una expedici\u00f3n por los Llanos orientales en busca de los tesoros de El Dorado. Eso fue un fracaso. Las riberas del impetuoso Orinoco fueron superiores a mis menguadas fuerzas. Por eso, viejo, enfermo y arruinado, me retir\u00e9 en Suesca.<\/p>\n<p><b>\u00bfEn qu\u00e9 momento escribi\u00f3 sus memorias?<\/b><\/p>\n<p>Los \u00faltimos a\u00f1os de mi vida los dediqu\u00e9 a escribir una serie de obras de las cuales se ha perdido la mayor parte. No se conserva ni la Relaci\u00f3n de la conquista del Nuevo Reino de Granada, ni el libro Ratos de Suesca, ni el Compendio historial de las conquistas del Nuevo Reino, en el que abordaba una historia completa de los primeros a\u00f1os de colonizaci\u00f3n. Por ah\u00ed se conserva el Antijovio, texto en el que narro los acontecimientos principales ocurridos en Europa en la primera mitad del siglo que me toc\u00f3 vivir. La obra trata de demostrar la falsedad de las aseveraciones y relatos antiespa\u00f1oles del cronista italiano Paolo Giovio, historiador de fortuna que goz\u00f3 de cierto improcedente predicamento en la \u00e9poca.<\/p>\n<p><b>\u00bfC\u00f3mo muri\u00f3, don Gonzalo?<\/b><\/p>\n<p>La \u00faltima haza\u00f1a de mi vida fue resistir durante cuatro largos a\u00f1os a un enemigo invencible: la lepra. Fue esa terrible enfermedad la que acab\u00f3 con mi vida en 1579, d\u00edas despu\u00e9s de que dictara el testamento y pusiera en orden los numerosos papeles que hab\u00edan brotado de mi pluma.<\/p>\n<p><b>\u00bfC\u00f3mo se portaron sus hombres en esos \u00faltimos momentos en la tierra?<\/b><\/p>\n<p>Me rindieron honores de adelantado, pues consideraban que yo, y solo yo, hab\u00eda descubierto y conquistado las tierras de Nueva Granada.<\/p>\n<p>Texto adaptado del publicado en <a href=\"http:\/\/www.biografiasyvidas.com\/biografia\">Biograf\u00edas y vidas<\/a><\/p>\n<p><b>RAFAEL ANTONIO PAB\u00d3N<\/b><\/p>\n<p><a href=\"mailto:rafaelpabon58@hotmail.com\">rafaelpabon58@hotmail.com<\/a><\/p>\n<p>&nbsp; <\/p>\n","protected":false},"excerpt":{"rendered":"<p>Esta es una buena ocasi\u00f3n para recordar a Gonzalo Jim\u00e9nez de Quesada, hombre que desde los libros de historia se mete en la mente de los colombianos para nunca m\u00e1s salir. Encontrarlo no es dif\u00edcil, basta con abrir en Google cualquiera de las miles de miles de p\u00e1ginas dedicadas al conquistador y de ah\u00ed en &hellip;<\/p>\n","protected":false},"author":1,"featured_media":18886,"comment_status":"open","ping_status":"open","sticky":false,"template":"","format":"standard","meta":{"footnotes":""},"categories":[51,45],"tags":[834],"class_list":["post-18884","post","type-post","status-publish","format-standard","has-post-thumbnail","hentry","category-charlas-con","category-destacado","tag-gonzalo-jimenez-de-quesada"],"_links":{"self":[{"href":"https:\/\/contraluzcucuta.co\/index.php?rest_route=\/wp\/v2\/posts\/18884","targetHints":{"allow":["GET"]}}],"collection":[{"href":"https:\/\/contraluzcucuta.co\/index.php?rest_route=\/wp\/v2\/posts"}],"about":[{"href":"https:\/\/contraluzcucuta.co\/index.php?rest_route=\/wp\/v2\/types\/post"}],"author":[{"embeddable":true,"href":"https:\/\/contraluzcucuta.co\/index.php?rest_route=\/wp\/v2\/users\/1"}],"replies":[{"embeddable":true,"href":"https:\/\/contraluzcucuta.co\/index.php?rest_route=%2Fwp%2Fv2%2Fcomments&post=18884"}],"version-history":[{"count":1,"href":"https:\/\/contraluzcucuta.co\/index.php?rest_route=\/wp\/v2\/posts\/18884\/revisions"}],"predecessor-version":[{"id":18887,"href":"https:\/\/contraluzcucuta.co\/index.php?rest_route=\/wp\/v2\/posts\/18884\/revisions\/18887"}],"wp:featuredmedia":[{"embeddable":true,"href":"https:\/\/contraluzcucuta.co\/index.php?rest_route=\/wp\/v2\/media\/18886"}],"wp:attachment":[{"href":"https:\/\/contraluzcucuta.co\/index.php?rest_route=%2Fwp%2Fv2%2Fmedia&parent=18884"}],"wp:term":[{"taxonomy":"category","embeddable":true,"href":"https:\/\/contraluzcucuta.co\/index.php?rest_route=%2Fwp%2Fv2%2Fcategories&post=18884"},{"taxonomy":"post_tag","embeddable":true,"href":"https:\/\/contraluzcucuta.co\/index.php?rest_route=%2Fwp%2Fv2%2Ftags&post=18884"}],"curies":[{"name":"wp","href":"https:\/\/api.w.org\/{rel}","templated":true}]}}