{"id":18877,"date":"2013-08-06T22:45:47","date_gmt":"2013-08-07T03:45:47","guid":{"rendered":"http:\/\/contraluzcucuta.co\/?p=18877"},"modified":"2013-08-06T22:46:30","modified_gmt":"2013-08-07T03:46:30","slug":"colombia-prospera-en-cucuta","status":"publish","type":"post","link":"https:\/\/contraluzcucuta.co\/?p=18877","title":{"rendered":"Colombia Prospera en C\u00facuta"},"content":{"rendered":"<p><b>BOGOT\u00c1.-<\/b> Funcionarios del Ministerio de Comercio, Industria y Turismo llegar\u00e1n este jueves a C\u00facuta, para impulsar las medidas del Gobierno que buscan mejorar la competitividad de la regi\u00f3n y dinamizar la econom\u00eda de la frontera. El prop\u00f3sito es avanzar en la agenda de desarrollo acordada con el sector productivo y empresarial de Norte de Santander, en marzo.<\/p>\n<p>La reuni\u00f3n de Colombia Prospera, programa del Ministerio, tiene como\u00a0 fin dar continuidad a las acciones acordadas para repotenciar el comercio fronterizo y el desarrollo empresarial de la regi\u00f3n. En cr\u00e9dito empresarial se analizar\u00e1 la l\u00ednea especial de financiamiento que este a\u00f1o se puso en marcha para apoyar a los sectores productivos.<\/p>\n<p>El ministro Sergio D\u00edaz-Granados destac\u00f3 la importancia de la l\u00ednea de cr\u00e9dito de Banc\u00f3ldex, implementada en mayo y que brinda herramientas al sector empresarial de la regi\u00f3n, incluidas las empresas afectadas por el no pago de las exportaciones.<\/p>\n<p>Se aprovechar\u00e1 el escenario de Colombia Prospera para ver de qu\u00e9 forma se incentiva el comercio interno. En este frente, el departamento ha sido apoyado con el programa Compre Colombiano, por medio de dos macrorruedas (agosto de 2011 y abril de 2013), las cuales han facilitado negocios cercanos a los $ 10.500 millones.<\/p>\n<p>La estrategia de acompa\u00f1amiento a la formalizaci\u00f3n empresarial liderada por el Ministerio de Comercio, Industria y Turismo ha tenido impacto en la regi\u00f3n. Se han beneficiado 17.141 unidades productivas, a mayo de 2013, de las cuales 12.428 se encuentran en C\u00facuta.<\/p>\n<p>El programa Brigadas de Formalizaci\u00f3n lleg\u00f3 a Norte de Santander en 2012, con lo que se ha brindado orientaci\u00f3n y acompa\u00f1amiento personalizado a 5553 unidades productivas informales. El programa implic\u00f3 una inversi\u00f3n por parte del Ministerio en el departamento de $ 225 millones.<\/p>\n<p>Proexport adelanta un plan de negocios de promoci\u00f3n de la Zona Franca Permanente de C\u00facuta con el prop\u00f3sito de atraer inversionistas para que se instalen. Norte de Santander completar\u00eda en breve lapso cinco Zonas Francas, encaminadas a hacer del departamento un polo de desarrollo\u00a0 en el pa\u00eds.<\/p>\n<p>El compromiso del Gobierno es que C\u00facuta cuente con un centro de convenciones que le permita atraer congresos y eventos empresariales nacionales e internacionales. \u00a0Para el desarrollo, adicional al lote ubicado cerca de la Zona Franca valorado en $ 8000 millones, ha destinado una apropiaci\u00f3n de $ 5000 millones para la construcci\u00f3n por medio del Fontur.<\/p>\n<p>Seg\u00fan Confecamaras, entidad aliada del Ministerio,\u00a0 en la ejecuci\u00f3n del programa empresarios y emprendedores de C\u00facuta y sus alrededores tendr\u00e1n la oportunidad de interactuar con Banca de las Oportunidades, Viceministerio de Turismo Banc\u00f3ldex Innpulsa, Fontur y PTP, y conocer la formalizaci\u00f3n empresarial, regal\u00edas y direcci\u00f3n de Mipymes, entre otros. Adicionalmente, se llevar\u00e1 a cabo una rueda financiera.<\/p>\n<p>La agenda comenzar\u00e1 a las 8:30 de la ma\u00f1ana.<\/p>\n<p>&nbsp;<\/p>\n<p>&nbsp; <\/p>\n","protected":false},"excerpt":{"rendered":"<p>BOGOT\u00c1.- Funcionarios del Ministerio de Comercio, Industria y Turismo llegar\u00e1n este jueves a C\u00facuta, para impulsar las medidas del Gobierno que buscan mejorar la competitividad de la regi\u00f3n y dinamizar la econom\u00eda de la frontera. El prop\u00f3sito es avanzar en la agenda de desarrollo acordada con el sector productivo y empresarial de Norte de Santander, &hellip;<\/p>\n","protected":false},"author":1,"featured_media":18878,"comment_status":"open","ping_status":"open","sticky":false,"template":"","format":"standard","meta":{"footnotes":""},"categories":[541,4],"tags":[832],"class_list":["post-18877","post","type-post","status-publish","format-standard","has-post-thumbnail","hentry","category-ciudad","category-barra","tag-colombia-prospera-en-cucuta"],"_links":{"self":[{"href":"https:\/\/contraluzcucuta.co\/index.php?rest_route=\/wp\/v2\/posts\/18877","targetHints":{"allow":["GET"]}}],"collection":[{"href":"https:\/\/contraluzcucuta.co\/index.php?rest_route=\/wp\/v2\/posts"}],"about":[{"href":"https:\/\/contraluzcucuta.co\/index.php?rest_route=\/wp\/v2\/types\/post"}],"author":[{"embeddable":true,"href":"https:\/\/contraluzcucuta.co\/index.php?rest_route=\/wp\/v2\/users\/1"}],"replies":[{"embeddable":true,"href":"https:\/\/contraluzcucuta.co\/index.php?rest_route=%2Fwp%2Fv2%2Fcomments&post=18877"}],"version-history":[{"count":2,"href":"https:\/\/contraluzcucuta.co\/index.php?rest_route=\/wp\/v2\/posts\/18877\/revisions"}],"predecessor-version":[{"id":18880,"href":"https:\/\/contraluzcucuta.co\/index.php?rest_route=\/wp\/v2\/posts\/18877\/revisions\/18880"}],"wp:featuredmedia":[{"embeddable":true,"href":"https:\/\/contraluzcucuta.co\/index.php?rest_route=\/wp\/v2\/media\/18878"}],"wp:attachment":[{"href":"https:\/\/contraluzcucuta.co\/index.php?rest_route=%2Fwp%2Fv2%2Fmedia&parent=18877"}],"wp:term":[{"taxonomy":"category","embeddable":true,"href":"https:\/\/contraluzcucuta.co\/index.php?rest_route=%2Fwp%2Fv2%2Fcategories&post=18877"},{"taxonomy":"post_tag","embeddable":true,"href":"https:\/\/contraluzcucuta.co\/index.php?rest_route=%2Fwp%2Fv2%2Ftags&post=18877"}],"curies":[{"name":"wp","href":"https:\/\/api.w.org\/{rel}","templated":true}]}}