{"id":18874,"date":"2013-08-06T22:27:59","date_gmt":"2013-08-07T03:27:59","guid":{"rendered":"http:\/\/contraluzcucuta.co\/?p=18874"},"modified":"2013-08-06T22:27:59","modified_gmt":"2013-08-07T03:27:59","slug":"90-expertos-analizaran-efectos-daninos-del-paro-de-el-catatumbo","status":"publish","type":"post","link":"https:\/\/contraluzcucuta.co\/?p=18874","title":{"rendered":"90 expertos analizar\u00e1n efectos da\u00f1inos del paro de El Catatumbo"},"content":{"rendered":"<p><b>C\u00daCUTA<\/b>.-\u00a0\u00a0 P\u00e9rdidas millonarias que no han sido calculadas gener\u00f3 el paro campesino de El Catatumbo a varios centenares de peque\u00f1os productores de palma de aceite, porque los frutos no fueron cosechados.<\/p>\n<p>Palmicultores, entidades institucionales y los gobiernos nacional y departamental decidieron contratar\u00a0 a\u00a0 30 ingenieros agr\u00f3nomos y\u00a0 60 tecn\u00f3logos egresados del Sena, en su mayor\u00eda, para que eval\u00faen el da\u00f1o en las plantaciones y controlar los problemas fitosanitarios que comenzaron a brotar en la zona<\/p>\n<p>Los 90 expertos en el agro se capacitan para evaluar las plantas y evitar la p\u00e9rdida total, disminuyendo de esta manera los efectos\u00a0 econ\u00f3micos en los palmicultores. <\/p>\n","protected":false},"excerpt":{"rendered":"<p>C\u00daCUTA.-\u00a0\u00a0 P\u00e9rdidas millonarias que no han sido calculadas gener\u00f3 el paro campesino de El Catatumbo a varios centenares de peque\u00f1os productores de palma de aceite, porque los frutos no fueron cosechados. Palmicultores, entidades institucionales y los gobiernos nacional y departamental decidieron contratar\u00a0 a\u00a0 30 ingenieros agr\u00f3nomos y\u00a0 60 tecn\u00f3logos egresados del Sena, en su mayor\u00eda, &hellip;<\/p>\n","protected":false},"author":1,"featured_media":18875,"comment_status":"open","ping_status":"open","sticky":false,"template":"","format":"standard","meta":{"footnotes":""},"categories":[32],"tags":[159],"class_list":["post-18874","post","type-post","status-publish","format-standard","has-post-thumbnail","hentry","category-recorrido-por-la-region","tag-sena"],"_links":{"self":[{"href":"https:\/\/contraluzcucuta.co\/index.php?rest_route=\/wp\/v2\/posts\/18874","targetHints":{"allow":["GET"]}}],"collection":[{"href":"https:\/\/contraluzcucuta.co\/index.php?rest_route=\/wp\/v2\/posts"}],"about":[{"href":"https:\/\/contraluzcucuta.co\/index.php?rest_route=\/wp\/v2\/types\/post"}],"author":[{"embeddable":true,"href":"https:\/\/contraluzcucuta.co\/index.php?rest_route=\/wp\/v2\/users\/1"}],"replies":[{"embeddable":true,"href":"https:\/\/contraluzcucuta.co\/index.php?rest_route=%2Fwp%2Fv2%2Fcomments&post=18874"}],"version-history":[{"count":1,"href":"https:\/\/contraluzcucuta.co\/index.php?rest_route=\/wp\/v2\/posts\/18874\/revisions"}],"predecessor-version":[{"id":18876,"href":"https:\/\/contraluzcucuta.co\/index.php?rest_route=\/wp\/v2\/posts\/18874\/revisions\/18876"}],"wp:featuredmedia":[{"embeddable":true,"href":"https:\/\/contraluzcucuta.co\/index.php?rest_route=\/wp\/v2\/media\/18875"}],"wp:attachment":[{"href":"https:\/\/contraluzcucuta.co\/index.php?rest_route=%2Fwp%2Fv2%2Fmedia&parent=18874"}],"wp:term":[{"taxonomy":"category","embeddable":true,"href":"https:\/\/contraluzcucuta.co\/index.php?rest_route=%2Fwp%2Fv2%2Fcategories&post=18874"},{"taxonomy":"post_tag","embeddable":true,"href":"https:\/\/contraluzcucuta.co\/index.php?rest_route=%2Fwp%2Fv2%2Ftags&post=18874"}],"curies":[{"name":"wp","href":"https:\/\/api.w.org\/{rel}","templated":true}]}}