{"id":18869,"date":"2013-08-06T21:28:30","date_gmt":"2013-08-07T02:28:30","guid":{"rendered":"http:\/\/contraluzcucuta.co\/?p=18869"},"modified":"2013-08-06T21:28:30","modified_gmt":"2013-08-07T02:28:30","slug":"plan-marshall-para-el-catatumbo","status":"publish","type":"post","link":"https:\/\/contraluzcucuta.co\/?p=18869","title":{"rendered":"Plan Marshall para El Catatumbo"},"content":{"rendered":"<p>En el interesante reportaje que para la Revista M\u00e1xima realic\u00e9 al se\u00f1or expresidente Ernesto Samper Pizano se encuentra una frase que, al parecer, ayud\u00f3 al desbloqueo del paro c\u00edvico de El Catatumbo.<\/p>\n<p>Al preguntarle: Presidente Samper, la Revista M\u00e1xima es nortesantandereana, de C\u00facuta, una regi\u00f3n liberal donde usted es una persona muy querida y apreciada. \u00bfCu\u00e1l es su mensaje de esperanza para Norte de Santander, regi\u00f3n fronteriza con Venezuela, y cu\u00e1les son las perspectivas de desarrollo que le ve en un futuro cercano?<\/p>\n<p>El expresidente respondi\u00f3: Norte de Santander sigue el ciclo de lo que sucede en Venezuela. Por eso, en este momento, la regi\u00f3n est\u00e1 deprimida en sus posibilidades de progreso y alterada en sus pautas de convivencia. Se necesita ahora s\u00ed una especie de <a href=\"http:\/\/es.wikipedia.org\/wiki\/Plan_Marshall\">Plan Marshall<\/a> para Norte de Santander, que enfrente su reconstrucci\u00f3n y recuperaci\u00f3n de manera sistem\u00e1tica y no a base de acciones puntuales.<\/p>\n<p>Han pasado los d\u00edas y ahora los colombianos nos despertamos, el primero de agosto, con la noticia del desbloqueo de\u00a0 las v\u00edas y los di\u00e1logos, entre las partes, se reanudar\u00edan el 5.<\/p>\n<p>\u00bfY qu\u00e9 fue lo que sucedi\u00f3? Como de una situaci\u00f3n inamovible, que viv\u00eda una calma peligrosa, donde las expectativas\u00a0 de soluci\u00f3n se ve\u00edan cada vez m\u00e1s lejanas, la esperanza brot\u00f3 de pronto, como en primavera, al recibirse el anuncio que, finalmente, el Gobierno y los campesinos de El Catatumbo acordaban una ruta para sentarse a dialogar y levantar los bloqueos que obstruyeron las v\u00edas en esta martirizada regi\u00f3n nortesantandereana.<\/p>\n<p>El esperado anuncio fue hecho por una comisi\u00f3n mediadora que integran el expresidente Ernesto Samper Pizano; el vicepresidente de la Rep\u00fablica, Angelino Garz\u00f3n; el representante de Naciones Unidas, Todd Howland; el provenzal Jesuita, Francisco de Roux; el represente Iv\u00e1n Cepeda; el presidente del Senado, Juan Fernando Cristo, y los representantes de los centenares de manifestantes, Andr\u00e9s Gil y Olga Quintero. La calidad humana y acad\u00e9mica de los integrantes de esta eximia comisi\u00f3n resplandece por s\u00ed sola.<\/p>\n<p>Del expresidente Samper no tenemos ninguna duda, y como lo manifestamos, lo acompa\u00f1a una clarividencia pol\u00edtica que se ha convertido casi en leyenda entre los colombianos. Lo hemos visto de nuevo en la palestra pol\u00edtica y social, dinamizando ideas y propuestas que les permitan al Partido Liberal y a la naci\u00f3n encontrar salidas acertadas en los momentos cruciales que vivimos.<\/p>\n<p>Del vicepresidente Angelino Garz\u00f3n, quien ha dado muestras de verdadero compromiso social con los sectores desfavorecidos de la sociedad colombiana, es tambi\u00e9n, una carta de seriedad y rectitud en la comisi\u00f3n.<\/p>\n<p>El representante de las Naciones Unidas, Todd Howland, quien sorprendi\u00f3 gratamente a la opini\u00f3n colombiana por su postura, clara y firme, frente a las violaciones de derechos que unidades de la fuerza p\u00fablica cometi\u00f3 contra los manifestantes, en las cercan\u00edas del aeropuerto de Oca\u00f1a, es otra carta de seriedad\u00a0 en este dif\u00edcil y complejo proceso.<\/p>\n<p>Del padre Francisco de Roux, provenzal de la Compa\u00f1\u00eda de Jes\u00fas, guardamos desde los campus universitarios la m\u00e1s alta y human\u00edstica imagen en beneficio de los humildes, no solo de El Catatumbo y del Magdalena Medio donde los hemos visto trabajar y luchar al lado de los oprimidos y olvidados, sino de toda la naci\u00f3n colombiana. Su desempe\u00f1o en el Cinep y ahora en la sabia conducci\u00f3n al frente de la Compa\u00f1\u00eda de Jes\u00fas, es carta de confianza en la b\u00fasqueda de caminos de justicia para la regi\u00f3n de El Catatumbo.<\/p>\n<p>El representante Iv\u00e1n Cepeda, quien encarna las aspiraciones sentidas de la poblaci\u00f3n colombiana en la construcci\u00f3n conjunta de un proyecto de naci\u00f3n, basado en la \u00e9tica, la solidaridad y la inclusi\u00f3n y se convierte en carta de garant\u00eda para las aspiraciones de los centenares de manifestantes de El Catatumbo.<\/p>\n<p>El senador Juan Fernando Cristo representa sentidas aspiraciones de justicia de la sociedad nortesantandereana y ahora, al ocupar el alto cargo de Presidente del Senado, se convierte en garant\u00eda de cumplimiento y seriedad en las conversaciones.<\/p>\n<p>Nos resta referirnos a los delegados de los manifestantes Andr\u00e9s Gil y Olga Quintero. Recae sobre sus hombros la responsabilidad de llevar a feliz t\u00e9rmino estas conversaciones que con toda seguridad marcar\u00e1n un hito en la larga y dolorosa historia de El Catatumbo.<\/p>\n<p>Por eso, tiene toda la raz\u00f3n el expresidente Samper al plantear, con la claridad acad\u00e9mica que lo caracteriza, que solo un verdadero Plan Marshall de reconstrucci\u00f3n har\u00e1 posible el renacer, en paz y justicia social, de Norte de Santander y en especial de El Catatumbo.<\/p>\n<p><b>ALONSO OJEDA AWAD<\/b><\/p>\n<p><b>Exembajador de Colombia<\/b><\/p>\n<p>&nbsp;<\/p>\n<p><strong><\/strong> <\/p>\n","protected":false},"excerpt":{"rendered":"<p>En el interesante reportaje que para la Revista M\u00e1xima realic\u00e9 al se\u00f1or expresidente Ernesto Samper Pizano se encuentra una frase que, al parecer, ayud\u00f3 al desbloqueo del paro c\u00edvico de El Catatumbo. Al preguntarle: Presidente Samper, la Revista M\u00e1xima es nortesantandereana, de C\u00facuta, una regi\u00f3n liberal donde usted es una persona muy querida y apreciada. &hellip;<\/p>\n","protected":false},"author":1,"featured_media":18623,"comment_status":"open","ping_status":"open","sticky":false,"template":"","format":"standard","meta":{"footnotes":""},"categories":[14,4],"tags":[830,829],"class_list":["post-18869","post","type-post","status-publish","format-standard","has-post-thumbnail","hentry","category-articulistas","category-barra","tag-alonso-ojeda","tag-plan-marshall"],"_links":{"self":[{"href":"https:\/\/contraluzcucuta.co\/index.php?rest_route=\/wp\/v2\/posts\/18869","targetHints":{"allow":["GET"]}}],"collection":[{"href":"https:\/\/contraluzcucuta.co\/index.php?rest_route=\/wp\/v2\/posts"}],"about":[{"href":"https:\/\/contraluzcucuta.co\/index.php?rest_route=\/wp\/v2\/types\/post"}],"author":[{"embeddable":true,"href":"https:\/\/contraluzcucuta.co\/index.php?rest_route=\/wp\/v2\/users\/1"}],"replies":[{"embeddable":true,"href":"https:\/\/contraluzcucuta.co\/index.php?rest_route=%2Fwp%2Fv2%2Fcomments&post=18869"}],"version-history":[{"count":1,"href":"https:\/\/contraluzcucuta.co\/index.php?rest_route=\/wp\/v2\/posts\/18869\/revisions"}],"predecessor-version":[{"id":18870,"href":"https:\/\/contraluzcucuta.co\/index.php?rest_route=\/wp\/v2\/posts\/18869\/revisions\/18870"}],"wp:featuredmedia":[{"embeddable":true,"href":"https:\/\/contraluzcucuta.co\/index.php?rest_route=\/wp\/v2\/media\/18623"}],"wp:attachment":[{"href":"https:\/\/contraluzcucuta.co\/index.php?rest_route=%2Fwp%2Fv2%2Fmedia&parent=18869"}],"wp:term":[{"taxonomy":"category","embeddable":true,"href":"https:\/\/contraluzcucuta.co\/index.php?rest_route=%2Fwp%2Fv2%2Fcategories&post=18869"},{"taxonomy":"post_tag","embeddable":true,"href":"https:\/\/contraluzcucuta.co\/index.php?rest_route=%2Fwp%2Fv2%2Ftags&post=18869"}],"curies":[{"name":"wp","href":"https:\/\/api.w.org\/{rel}","templated":true}]}}