{"id":18844,"date":"2013-08-04T21:15:59","date_gmt":"2013-08-05T02:15:59","guid":{"rendered":"http:\/\/contraluzcucuta.co\/?p=18844"},"modified":"2013-08-04T21:15:59","modified_gmt":"2013-08-05T02:15:59","slug":"monumentos-urbanos-olvidados-o-descuidados","status":"publish","type":"post","link":"https:\/\/contraluzcucuta.co\/?p=18844","title":{"rendered":"Monumentos urbanos  \u00bfolvidados o descuidados?"},"content":{"rendered":"<p>En C\u00facuta hay riqueza hist\u00f3rica, representada en monumentos\u00a0 de personajes para guardar la memoria de su vida. El aporte para la sociedad tiene valor aut\u00e9ntico y, en algunos, art\u00edstico. Ocupan lugares especiales para que la gente recuerde qui\u00e9nes fueron. Unos, quedaron en el olvido, y otros, como adorno en parques de los barrios cucute\u00f1os. Los encargados de cuidarlos son las juntas comunales, secretar\u00edas de Cultura del departamento y del municipio,\u00a0 Academia de Historia y Sociedad de Mejoras P\u00fablicas.<\/p>\n<p>Hay estatuas en zonas sin acceso para estacionar los veh\u00edculos y disfrutar del ambiente que los rodea. Otros, en los alrededores tienen como vecinos a bares, almacenes de ropa,\u00a0 invasiones de mercaderes,\u00a0 indigentes, comerciantes ambulantes, trasportadores p\u00fablicos y particulares ilegales.<\/p>\n<p>La Sociedad de Mejoras P\u00fablicas de C\u00facuta, hasta 1991, se encarg\u00f3 de la construcci\u00f3n de parques y monumentos de la ciudad, despu\u00e9s de que la nueva Constituci\u00f3n renovara los auxilios,\u00a0 no le permiti\u00f3 recibir m\u00e1s regal\u00edas para el sostenimiento. Entreg\u00f3 el cuidado al municipio.<\/p>\n<p>La fuente de financiaci\u00f3n de la SMP surge de contratos y convenios que hace con empresas, y contribuye al mejoramiento ambiental de la ciudad.\u00a0 Adem\u00e1s, vigila los monumentos Virgilio Barco Vargas (glorieta v\u00eda a Los Patios), Presb\u00edtero Eduardo Trujillo Guti\u00e9rrez (glorieta San Rafael), Aziz Elcure Abrajim (barrio Los Pinos) y V\u00edctor M. Guerrero\u00a0 (barrio Cundinamarca).<\/p>\n<p>Los monumentos que est\u00e1n dentro de instituciones p\u00fablicas gozan de\u00a0 mayor supervisi\u00f3n y cuidado que los expuestos en\u00a0 glorietas y plazoletas. Como en el diario La Opini\u00f3n con el busto de Eustorgio Colmenares Baptista, que est\u00e1 rodeado de un jard\u00edn limpio, arm\u00f3nico y vigilado. En el aeropuerto Camilo Daza descansa la memoria del Brigadier General Camilo Daza \u00c1lvarez, que cuenta con el diario aseo y mantenimiento. En el hospital de C\u00facuta est\u00e1 el homenaje al m\u00e9dico y benefactor Erasmo Meoz.<\/p>\n<p>La Gobernaci\u00f3n de Norte de Santander cuida de dos personajes, Laureano G\u00f3mez, estatua rescatada de entre las ruinas de gramalote, y el presidente Ram\u00f3n Gonz\u00e1lez Valencia (1910). En el colegio Sagrado Coraz\u00f3n de Jes\u00fas los estudiantes nortesantandereanos y la Federaci\u00f3n Deportiva recuerdan al libertador Sim\u00f3n Bol\u00edvar, en el primer centenario de la muerte (17 de diciembre de 1930).<\/p>\n<p>Los dem\u00e1s, est\u00e1n a la deriva y cualquier ciudadano con poca cultura irrespeta el valor hist\u00f3rico, arroja basura, pinta grafitis y hasta los tiene como orinales.<\/p>\n<p>La Academia de Historia juega papel importante en la existencia de los monumentos. Propone y sugiere al municipio d\u00f3nde ponerlos y qu\u00e9 personajes resaltar, porque han dejado huella en la vida de C\u00facuta.<\/p>\n<p>Mediante convenios con la Alcald\u00eda y la Gobernaci\u00f3n recuerda y\u00a0 celebra fechas patrias, como el 28 de febrero y la Batalla de C\u00facuta; el 18 de mayo y el Terremoto de C\u00facuta, y en abril, el nacimiento de Francisco de Paula Santander.<\/p>\n<p>A la Academia de Historia, la Sociedad de Mejoras P\u00fablicas le don\u00f3 el busto del m\u00e9dico y concejal \u00a0Augusto Mart\u00ednez, en la avenida Los Libertadores. Este monumento ha sido objeto de tres restauraciones,\u00a0 una por da\u00f1o p\u00fablico, otra por ca\u00edda de un \u00e1rbol y la tercera por mejoramiento de la imagen.<\/p>\n<p>Blanca G\u00f3mez, vendedora ambulante, afirm\u00f3 que es importante tener a estos personajes en la ciudad, porque fueron representativos y apoyaron\u00a0 a C\u00facuta para hacerla una de las ciudades importantes de Colombia. La entristece ver c\u00f3mo a muchos cucute\u00f1os no les importa saber nada de este asunto. La cultura no hace parte de su cotidianidad y aunque pasen a diario frente a las figuras les da igual. Otros, ni los conocen.<\/p>\n<p>La presidenta de la junta de acci\u00f3n comunal del barrio La Libertad, Tilcia Delia Fl\u00f3rez de Tarazona, dijo que los recursos para la restauraci\u00f3n del monumento de monse\u00f1or Luis P\u00e9rez Hern\u00e1ndez, primer Obispo de la Di\u00f3cesis de C\u00facuta, situado afuera de la iglesia Sagrada Familia, son nulos, y no lo han tenido en cuenta en los despachos oficiales. La lluvia y el sol han escarapelado la pintura. No se tiene un plan de control para mantenerlo, pues la comunidad tiene otras necesidades para solucionar.<\/p>\n<p>Los monumentos son el homenaje a personajes representativos y relevantes en la historia de C\u00facuta. Pocos ciudadanos le dan la importancia y el valor adecuados. Esas estatuas siempre estar\u00e1n all\u00ed, pero son opacados por los monumentos tradicionales: el ferrocarril, el indio motil\u00f3n y Cristo Rey, entre otros.\u00a0 No se conoce un plan por parte de las secretar\u00edas de Cultura del departamento y del municipio para integrar al ciudadano y resaltar la memoria de los protagonistas de la historia. Ni un proyecto tur\u00edstico que incluya el recorrido y la visita.<\/p>\n<p><b>ERIKA VERA Y MAR\u00cdA JAIMES<\/b><\/p>\n<p>Estudiantes de Comunicaci\u00f3n Social<\/p>\n<p>Universidad de Pamplona<\/p>\n<p>Campus de Villa del Rosario<\/p>\n<p>&nbsp; <\/p>\n","protected":false},"excerpt":{"rendered":"<p>En C\u00facuta hay riqueza hist\u00f3rica, representada en monumentos\u00a0 de personajes para guardar la memoria de su vida. El aporte para la sociedad tiene valor aut\u00e9ntico y, en algunos, art\u00edstico. Ocupan lugares especiales para que la gente recuerde qui\u00e9nes fueron. Unos, quedaron en el olvido, y otros, como adorno en parques de los barrios cucute\u00f1os. Los &hellip;<\/p>\n","protected":false},"author":1,"featured_media":18845,"comment_status":"open","ping_status":"open","sticky":false,"template":"","format":"standard","meta":{"footnotes":""},"categories":[74,45],"tags":[823],"class_list":["post-18844","post","type-post","status-publish","format-standard","has-post-thumbnail","hentry","category-aula-universitaria","category-destacado","tag-monumentos-de-cucuta"],"_links":{"self":[{"href":"https:\/\/contraluzcucuta.co\/index.php?rest_route=\/wp\/v2\/posts\/18844","targetHints":{"allow":["GET"]}}],"collection":[{"href":"https:\/\/contraluzcucuta.co\/index.php?rest_route=\/wp\/v2\/posts"}],"about":[{"href":"https:\/\/contraluzcucuta.co\/index.php?rest_route=\/wp\/v2\/types\/post"}],"author":[{"embeddable":true,"href":"https:\/\/contraluzcucuta.co\/index.php?rest_route=\/wp\/v2\/users\/1"}],"replies":[{"embeddable":true,"href":"https:\/\/contraluzcucuta.co\/index.php?rest_route=%2Fwp%2Fv2%2Fcomments&post=18844"}],"version-history":[{"count":1,"href":"https:\/\/contraluzcucuta.co\/index.php?rest_route=\/wp\/v2\/posts\/18844\/revisions"}],"predecessor-version":[{"id":18846,"href":"https:\/\/contraluzcucuta.co\/index.php?rest_route=\/wp\/v2\/posts\/18844\/revisions\/18846"}],"wp:featuredmedia":[{"embeddable":true,"href":"https:\/\/contraluzcucuta.co\/index.php?rest_route=\/wp\/v2\/media\/18845"}],"wp:attachment":[{"href":"https:\/\/contraluzcucuta.co\/index.php?rest_route=%2Fwp%2Fv2%2Fmedia&parent=18844"}],"wp:term":[{"taxonomy":"category","embeddable":true,"href":"https:\/\/contraluzcucuta.co\/index.php?rest_route=%2Fwp%2Fv2%2Fcategories&post=18844"},{"taxonomy":"post_tag","embeddable":true,"href":"https:\/\/contraluzcucuta.co\/index.php?rest_route=%2Fwp%2Fv2%2Ftags&post=18844"}],"curies":[{"name":"wp","href":"https:\/\/api.w.org\/{rel}","templated":true}]}}