{"id":18840,"date":"2013-08-04T20:56:00","date_gmt":"2013-08-05T01:56:00","guid":{"rendered":"http:\/\/contraluzcucuta.co\/?p=18840"},"modified":"2013-08-04T20:56:00","modified_gmt":"2013-08-05T01:56:00","slug":"desvergonzada-pretension","status":"publish","type":"post","link":"https:\/\/contraluzcucuta.co\/?p=18840","title":{"rendered":"Desvergonzada pretensi\u00f3n"},"content":{"rendered":"<p>Como en este pa\u00eds del Sagrado Coraz\u00f3n casi siempre lo que se considera impensable hoy, es realidad ma\u00f1ana, y aunque sea por tranquilidad de conciencia ante la imposibilidad de influir como se quisiera para vencer el m\u00e1s pernicioso de todos los defectos humanos que es la indiferencia, no podemos pasar inadvertida la desvergonzada pretensi\u00f3n de los bandidos que negocian en la Habana sobre la asignaci\u00f3n directa de curules en el Congreso.<\/p>\n<p>Desnaturalizando la propia democracia que defienden nuestros hombres hasta el supremo sacrificio, y aprovechando la pusilanimidad y\/o complicidad del gobernante de turno, pretenden ahora llegar a legislar sin participar en elecciones, en representaci\u00f3n del mismo pueblo que no ha mucho tiempo colmaba las plazas y calles del Pa\u00eds exigiendo: \u00a1No m\u00e1s Farc!<\/p>\n<p>De llegarse a consolidar este exabrupto constitucional y legal por arte de pactos y reformas acomodaticias, entonces las Reservas de la Fuerza P\u00fablica con mayor legitimidad tambi\u00e9n tendr\u00edan derecho a exigir lo propio, pues ser\u00eda inaceptable quedar bajo la f\u00e9rula revanchista del otro bando, sin siquiera tener derecho a la defensa en igualdad de condiciones. \u00bfQu\u00e9 ser\u00e1 de nuestra Fuerza P\u00fablica con una horda de bandidos legislando en contra nuestra? Hasta nuestros leg\u00edtimos derechos ser\u00edan desconocidos. Es una l\u00e1stima que nuestra gente todav\u00eda no haya podido entender que la \u00fanica salida posible para defendernos de tantas amenazas presentes y futuras, es la utilizaci\u00f3n de nuestro inmenso poder electoral para la creaci\u00f3n de una colectividad pol\u00edtica fuerte que contrarreste democr\u00e1ticamente tales amenazas. Aunque el que adivina calamidades sufre dos veces, y a sabiendas de que si se adivina bien nadie lo recordar\u00e1 y si mal nadie lo olvidar\u00e1, nos es imposible permanecer impert\u00e9rritos ante el oscuro panorama que avizoramos para el Pa\u00eds con las tales negociaciones de la Habana y por eso condenamos vehementemente desde ahora, las muy probables concesiones del gobierno a la m\u00e1s reciente y desvergonzada pretensi\u00f3n de los bandidos de acceder, sin m\u00e1s ni m\u00e1s, al poder legislativo. \u00bfSer\u00e1 esta una justa retribuci\u00f3n de la sociedad a quienes la han desangrado por m\u00e1s de medio siglo?<\/p>\n<p><b>CAPIT\u00c1N JUAN ALFONSO FIERRO MANRIQUE <\/b><\/p>\n<p>Presidente Analvet<\/p>\n<p><a href=\"mailto:analvetcolombia@gmail.com\">analvetcolombia@gmail.com<\/a><\/p>\n<p>&nbsp; <\/p>\n","protected":false},"excerpt":{"rendered":"<p>Como en este pa\u00eds del Sagrado Coraz\u00f3n casi siempre lo que se considera impensable hoy, es realidad ma\u00f1ana, y aunque sea por tranquilidad de conciencia ante la imposibilidad de influir como se quisiera para vencer el m\u00e1s pernicioso de todos los defectos humanos que es la indiferencia, no podemos pasar inadvertida la desvergonzada pretensi\u00f3n de &hellip;<\/p>\n","protected":false},"author":1,"featured_media":18841,"comment_status":"open","ping_status":"open","sticky":false,"template":"","format":"standard","meta":{"footnotes":""},"categories":[14],"tags":[822,821],"class_list":["post-18840","post","type-post","status-publish","format-standard","has-post-thumbnail","hentry","category-articulistas","tag-analvet","tag-capitan-juan-alfonso-fierro-manrique"],"_links":{"self":[{"href":"https:\/\/contraluzcucuta.co\/index.php?rest_route=\/wp\/v2\/posts\/18840","targetHints":{"allow":["GET"]}}],"collection":[{"href":"https:\/\/contraluzcucuta.co\/index.php?rest_route=\/wp\/v2\/posts"}],"about":[{"href":"https:\/\/contraluzcucuta.co\/index.php?rest_route=\/wp\/v2\/types\/post"}],"author":[{"embeddable":true,"href":"https:\/\/contraluzcucuta.co\/index.php?rest_route=\/wp\/v2\/users\/1"}],"replies":[{"embeddable":true,"href":"https:\/\/contraluzcucuta.co\/index.php?rest_route=%2Fwp%2Fv2%2Fcomments&post=18840"}],"version-history":[{"count":2,"href":"https:\/\/contraluzcucuta.co\/index.php?rest_route=\/wp\/v2\/posts\/18840\/revisions"}],"predecessor-version":[{"id":18843,"href":"https:\/\/contraluzcucuta.co\/index.php?rest_route=\/wp\/v2\/posts\/18840\/revisions\/18843"}],"wp:featuredmedia":[{"embeddable":true,"href":"https:\/\/contraluzcucuta.co\/index.php?rest_route=\/wp\/v2\/media\/18841"}],"wp:attachment":[{"href":"https:\/\/contraluzcucuta.co\/index.php?rest_route=%2Fwp%2Fv2%2Fmedia&parent=18840"}],"wp:term":[{"taxonomy":"category","embeddable":true,"href":"https:\/\/contraluzcucuta.co\/index.php?rest_route=%2Fwp%2Fv2%2Fcategories&post=18840"},{"taxonomy":"post_tag","embeddable":true,"href":"https:\/\/contraluzcucuta.co\/index.php?rest_route=%2Fwp%2Fv2%2Ftags&post=18840"}],"curies":[{"name":"wp","href":"https:\/\/api.w.org\/{rel}","templated":true}]}}