{"id":18819,"date":"2013-08-04T16:36:48","date_gmt":"2013-08-04T21:36:48","guid":{"rendered":"http:\/\/contraluzcucuta.co\/?p=18819"},"modified":"2013-08-04T16:36:48","modified_gmt":"2013-08-04T21:36:48","slug":"gracias-por-los-micos-que-dejaron-en-la-ley-1448","status":"publish","type":"post","link":"https:\/\/contraluzcucuta.co\/?p=18819","title":{"rendered":"Gracias por los \u2018micos\u2019 que dejaron en la Ley 1448"},"content":{"rendered":"<p><b>EL ZULIA \u2013 Norte de Santander.-<\/b> Arriba, en el campo zuliano, lejos del ambiente intrincado que se respira en los poblados urbanos, 20 familias campesinas sufren los rigores de la aplicaci\u00f3n al dedillo de la Ley 1448, aprobada para favorecer a las v\u00edctimas del conflicto armado que soporta Colombia desde d\u00e9cadas atr\u00e1s.<\/p>\n<p>Hace 20 a\u00f1os, cuando exist\u00eda el Instituto Colombiano para la Reforma Agraria (Incora), y cuando los grupos armados ilegales impon\u00edan la ley en los sectores rurales de El Zulia, se decidi\u00f3 la compra, por parte del Estado, \u00a0de las fincas Las Delicias y La Florinda en la vereda La Rampachala.<\/p>\n<p>Cada uno de los beneficiados se comprometi\u00f3 a pagar el costo de las tierras en 15 a\u00f1os. El plazo se cumpli\u00f3 y la mayor\u00eda est\u00e1 a paz y salvo con esa deuda. Sin embargo, ahora surgi\u00f3 un inconveniente, que no saben c\u00f3mo resolver, porque es el Estado el que los acosa para que entreguen las hect\u00e1reas en las que tienen cultivos de\u00a0\u00a0 arroz, ca\u00f1a, palma, pl\u00e1tano y pan coger.<\/p>\n<p><a href=\"http:\/\/elzulia-nortedesantander.gov.co\">El Zulia<\/a>, fundado el 30 de octubre de 1959,\u00a0 forma parte del \u00e1rea metropolitana de C\u00facuta; dista 12 kil\u00f3metros de la capital de Norte de Santander; est\u00e1 situado en la subregi\u00f3n oriental del departamento y en la zona de influencia fronteriza con Venezuela. Tiene una superficie de 449,07 kil\u00f3metros cuadrados, equivalente al 0,22% del \u00e1rea total del departamento.<\/p>\n<p>\u201cSoy un campesino, con mucho orgullo, v\u00edctima del Estado, por la Ley 1448\u201d, as\u00ed se present\u00f3 Eduardo Torres, uno de los afectados por la puesta en marcha de la norma. \u201cEn este momento quiero que nos escuchen, porque el campesino es t\u00edmido\u201d.<\/p>\n<p>La distribuci\u00f3n de tierras est\u00e1 en proceso administrativo. La esposa de Manuel Ujueta, anterior due\u00f1o de las 13 parcelas, las reclama como suyas. \u00a0\u201cEstamos en el limbo y expuestos al desalojo\u201d, dijo este hombre que desde la adolescencia ha labrado esa tierra en compa\u00f1\u00eda de su padre para ver crecer sanos a los hermanos.<\/p>\n<p>Era un adolescente cuando se hicieron esos negocios y record\u00f3 que los viejos les han inculcado que las transacciones se efectuaron legalmente. \u201cEn ning\u00fan momento se le quit\u00f3 nada a nadie, no se ultraj\u00f3 a nadie, no se amenaz\u00f3 a nadie\u201d. Todo se llev\u00f3 a cabo en medio de la legalidad y los documentos existen.<\/p>\n<p>La reforma agraria los premi\u00f3, tiempo atr\u00e1s, permiti\u00e9ndoles obtener esos lugares para arar, cultivar y producir lo que llevan con esfuerzo a la plaza de mercado de la gran ciudad. All\u00e1, el intermediario les compra al precio que quiere y se queda con lo que les ha costado cuatro meses de arduo trabajo al sol y al agua. \u201cMuchas veces es m\u00e1s lo que se invierte que lo que le hace. Muchas veces quedamos debiendo\u201d. Esa mala paga cansa al campesino que ha soportado los embates de la violencia, primero por la guerrilla y luego por los paramilitares.<\/p>\n<p>Ahora, desgraciadamente, es el Estado el que los hostiga para que abandonen esas hect\u00e1reas que adquirieron y que han cuidado con esmero. \u201cEl trabajo sirve para seguir siendo pobres, porque del campo, como va, nunca saldr\u00e1 un rico, que se diga ese campesino se enriqueci\u00f3\u201d.<\/p>\n<p>En la \u00e9poca dura no los doblegaron la guerrilla ni los paramilitares, porque se pararon en la raya, envalentonados con las ense\u00f1anzas de los padres a ser rectos, a trabajar honradamente para que no\u00a0 los moviera nadie de ah\u00ed. \u201cAhora que pensamos tener paz, en estos \u00faltimos tiempos el mismo Estado nos va a desplazar\u201d.<\/p>\n<p>Es duro ver c\u00f3mo sicol\u00f3gicamente los parceleros est\u00e1n en este momento en el limbo. Hay gente que no duerme, hay viudas y hay familias grandes afectadas por las decisiones que puedan tomarse a partir de la Ley 1448. \u201cNo s\u00e9 qu\u00e9 vamos a hacer si el Estado nos desplaza de estas tierras que son tan ricas y tan buenas\u201d.<\/p>\n<p>Como est\u00e1 escrito en la ley los van a juzgar, supuestamente, por un delito que cometieron 20 a\u00f1os atr\u00e1s, cuando el Incora compr\u00f3, les vendi\u00f3 y le pagaron. \u00a0\u201cVamos a luchar para que a estos campesinos no los vayan a sacar de la tierra\u201d. La \u00fanica manera que tienen para defenderse es mediante la organizaci\u00f3n de una manifestaci\u00f3n, que planean\u00a0 amparados en la Constituci\u00f3n, porque saben que \u201ces legal reclamar nuestros derechos\u201d.<\/p>\n<p>De acuerdo con las cuentas que tiene Eduardo, a finales de agosto saldr\u00e1 el fallo y se conocer\u00e1 la decisi\u00f3n de si el caso pasa al juzgado o no. Entre tanto, le resta hacer un llamado a los campesinos que de 1991 para ac\u00e1 les dieron tierra para \u00a0que los acompa\u00f1en y se solidaricen con los labriegos de La Rampachala.<\/p>\n<p>\u201cSi hay alguien que tenga que indemnizar a esa persona (Manuel Ujueta), es el Estado. Ah\u00ed es donde debe estar la ley. Pero que no se venga a desquitar ahora con los campesinos\u201d. Y para los hacedores de la norma \u201cGracias por los \u2018micos\u2019 que dejaron en la Ley 1448\u201d.<\/p>\n<p><b>RAFAEL ANTONIO PAB\u00d3N<\/b><\/p>\n<p><a href=\"mailto:rafaelpabon58@hotmail.com\">rafaelpabon58@hotmail.com<\/a><\/p>\n<p>&nbsp; <\/p>\n","protected":false},"excerpt":{"rendered":"<p>EL ZULIA \u2013 Norte de Santander.- Arriba, en el campo zuliano, lejos del ambiente intrincado que se respira en los poblados urbanos, 20 familias campesinas sufren los rigores de la aplicaci\u00f3n al dedillo de la Ley 1448, aprobada para favorecer a las v\u00edctimas del conflicto armado que soporta Colombia desde d\u00e9cadas atr\u00e1s. Hace 20 a\u00f1os, &hellip;<\/p>\n","protected":false},"author":1,"featured_media":18820,"comment_status":"open","ping_status":"open","sticky":false,"template":"","format":"standard","meta":{"footnotes":""},"categories":[4,5],"tags":[157,669],"class_list":["post-18819","post","type-post","status-publish","format-standard","has-post-thumbnail","hentry","category-barra","category-justicia-transicional","tag-justicia-transicional-2","tag-restitucion-de-tierras-en-norte-de-santander"],"_links":{"self":[{"href":"https:\/\/contraluzcucuta.co\/index.php?rest_route=\/wp\/v2\/posts\/18819","targetHints":{"allow":["GET"]}}],"collection":[{"href":"https:\/\/contraluzcucuta.co\/index.php?rest_route=\/wp\/v2\/posts"}],"about":[{"href":"https:\/\/contraluzcucuta.co\/index.php?rest_route=\/wp\/v2\/types\/post"}],"author":[{"embeddable":true,"href":"https:\/\/contraluzcucuta.co\/index.php?rest_route=\/wp\/v2\/users\/1"}],"replies":[{"embeddable":true,"href":"https:\/\/contraluzcucuta.co\/index.php?rest_route=%2Fwp%2Fv2%2Fcomments&post=18819"}],"version-history":[{"count":1,"href":"https:\/\/contraluzcucuta.co\/index.php?rest_route=\/wp\/v2\/posts\/18819\/revisions"}],"predecessor-version":[{"id":18821,"href":"https:\/\/contraluzcucuta.co\/index.php?rest_route=\/wp\/v2\/posts\/18819\/revisions\/18821"}],"wp:featuredmedia":[{"embeddable":true,"href":"https:\/\/contraluzcucuta.co\/index.php?rest_route=\/wp\/v2\/media\/18820"}],"wp:attachment":[{"href":"https:\/\/contraluzcucuta.co\/index.php?rest_route=%2Fwp%2Fv2%2Fmedia&parent=18819"}],"wp:term":[{"taxonomy":"category","embeddable":true,"href":"https:\/\/contraluzcucuta.co\/index.php?rest_route=%2Fwp%2Fv2%2Fcategories&post=18819"},{"taxonomy":"post_tag","embeddable":true,"href":"https:\/\/contraluzcucuta.co\/index.php?rest_route=%2Fwp%2Fv2%2Ftags&post=18819"}],"curies":[{"name":"wp","href":"https:\/\/api.w.org\/{rel}","templated":true}]}}