{"id":18816,"date":"2013-08-04T16:32:00","date_gmt":"2013-08-04T21:32:00","guid":{"rendered":"http:\/\/contraluzcucuta.co\/?p=18816"},"modified":"2013-08-04T16:32:00","modified_gmt":"2013-08-04T21:32:00","slug":"vision-y-perspectivas-hacia-una-nueva-frontera","status":"publish","type":"post","link":"https:\/\/contraluzcucuta.co\/?p=18816","title":{"rendered":"Visi\u00f3n y perspectivas hacia una  nueva frontera"},"content":{"rendered":"<p>1.- La presencia de Pavel Rond\u00f3n, exembajador de Venezuela en Colombia y destacado vocero de las preocupaciones e intereses de la frontera, en procura de acciones y gestiones constructivas y con mayor arraigo, en los actos que cumplidos, el 31 de julio, en la Universidad Francisco de Paula Santander con ocasi\u00f3n de las presentaciones del grupo Gran Alianza Nortesantandereana para el Buen Gobierno, respaldado por\u00a0 la Curia Diocesana, constituy\u00f3 una magn\u00edfica oportunidad para revivir y creer en las opciones y prerrogativas que, conjuntamente y en un trabajo concertado y en equipo, se pueden hacer entre Colombia y Venezuela.<\/p>\n<p>Lo destacamos, porque Pavel Rond\u00f3n ha sido un estudioso de\u00a0 la realidad actuante\u00a0 y un conocedor claro y definido de lo mucho que puede lograrse si hay entendimientos y una aut\u00e9ntica y din\u00e1mica representatividad de la gente de frontera consecuente con lo que se anhela y proyecta en y para estas fajas territoriales de importante valor.<\/p>\n<p>Por eso, cuando lo vimos llegar, y porque en los momentos cr\u00edticos \u2013 como los que vivimos \u2013 era preciso escucharlo y aprovechar los minutos que se ofrec\u00edan para propiciar empe\u00f1os urgentes y\u00a0 concretos para\u00a0\u00a0 darles validez a los mensajes que fluyen en Villa del Rosario, como recordatorio de lo que debemos ser en el proceso integracionista, respetuosamente solicitamos a los organizadores hacer un alto para\u00a0 encaminar\u00a0 e impulsar hasta los m\u00e1s altos niveles, lo que quiere y necesita la frontera, en sus visiones conjuntas de aqu\u00ed y de all\u00e1, en t\u00e9rminos de progreso, uni\u00f3n y\u00a0 mancomunidad fraternal.<\/p>\n<p>2.-Si lo que all\u00ed se expuso, y en los poderes centrales se capta y valora suficientemente, no hay que dudar que aflorar\u00e1n horas distintas y una conjunci\u00f3n de factores que favorecer\u00e1n las perspectivas de quienes creemos y sostenemos que un trabajo abierto y respaldado en procura de crear empleo y mejoramiento social y econ\u00f3mico, tambi\u00e9n originar\u00e1 una participaci\u00f3n ciudadana que dar\u00e1 pie para una construcci\u00f3n p\u00fablica y\u00a0 pol\u00edtica de enormes perspectivas y de car\u00e1cter visionario.<\/p>\n<p>3.- Por eso, y porque si logramos que los gobiernos centrales, con apoyo de congresistas y voceros de los gobiernos departamentales y municipales, concreten espec\u00edficos objetivos y prop\u00f3sitos encaminados\u00a0 hacia el mejoramiento infraestructural y de servicios, la financiaci\u00f3n de las iniciativas que aviven la investigaci\u00f3n, la capacitaci\u00f3n\u00a0 y la innovaci\u00f3n en universidades y centros docentes para que, a su vez, en lo profesional, gremial y laboral haya est\u00edmulos e incentivos hacia la industrializaci\u00f3n y la labor compartida de lo productivo, otro ser\u00e1 el futuro y otra, muy otra, la realidad de la frontera.<\/p>\n<p>&nbsp;<\/p>\n<p>S\u00ed, la frontera es un marco de opciones\u00a0 y de proyecciones impresionantes y constructivas. Lo que falta es la acci\u00f3n compartida y permanente\u00a0 de verdaderas y ejemplarizantes pol\u00edticas de Estado.<\/p>\n<p><b>JOS\u00c9 NEIRA REY<\/b><\/p>\n<p><a href=\"mailto:jneirarey@hotmail.com\">jneirarey@hotmail.com<\/a><\/p>\n<p><b>Notas al margen<\/b> <\/p>\n","protected":false},"excerpt":{"rendered":"<p>1.- La presencia de Pavel Rond\u00f3n, exembajador de Venezuela en Colombia y destacado vocero de las preocupaciones e intereses de la frontera, en procura de acciones y gestiones constructivas y con mayor arraigo, en los actos que cumplidos, el 31 de julio, en la Universidad Francisco de Paula Santander con ocasi\u00f3n de las presentaciones del &hellip;<\/p>\n","protected":false},"author":1,"featured_media":18817,"comment_status":"open","ping_status":"open","sticky":false,"template":"","format":"standard","meta":{"footnotes":""},"categories":[14,4],"tags":[303],"class_list":["post-18816","post","type-post","status-publish","format-standard","has-post-thumbnail","hentry","category-articulistas","category-barra","tag-jose-neira-rey"],"_links":{"self":[{"href":"https:\/\/contraluzcucuta.co\/index.php?rest_route=\/wp\/v2\/posts\/18816","targetHints":{"allow":["GET"]}}],"collection":[{"href":"https:\/\/contraluzcucuta.co\/index.php?rest_route=\/wp\/v2\/posts"}],"about":[{"href":"https:\/\/contraluzcucuta.co\/index.php?rest_route=\/wp\/v2\/types\/post"}],"author":[{"embeddable":true,"href":"https:\/\/contraluzcucuta.co\/index.php?rest_route=\/wp\/v2\/users\/1"}],"replies":[{"embeddable":true,"href":"https:\/\/contraluzcucuta.co\/index.php?rest_route=%2Fwp%2Fv2%2Fcomments&post=18816"}],"version-history":[{"count":1,"href":"https:\/\/contraluzcucuta.co\/index.php?rest_route=\/wp\/v2\/posts\/18816\/revisions"}],"predecessor-version":[{"id":18818,"href":"https:\/\/contraluzcucuta.co\/index.php?rest_route=\/wp\/v2\/posts\/18816\/revisions\/18818"}],"wp:featuredmedia":[{"embeddable":true,"href":"https:\/\/contraluzcucuta.co\/index.php?rest_route=\/wp\/v2\/media\/18817"}],"wp:attachment":[{"href":"https:\/\/contraluzcucuta.co\/index.php?rest_route=%2Fwp%2Fv2%2Fmedia&parent=18816"}],"wp:term":[{"taxonomy":"category","embeddable":true,"href":"https:\/\/contraluzcucuta.co\/index.php?rest_route=%2Fwp%2Fv2%2Fcategories&post=18816"},{"taxonomy":"post_tag","embeddable":true,"href":"https:\/\/contraluzcucuta.co\/index.php?rest_route=%2Fwp%2Fv2%2Ftags&post=18816"}],"curies":[{"name":"wp","href":"https:\/\/api.w.org\/{rel}","templated":true}]}}